{"id":68748,"date":"2018-06-27T21:11:33","date_gmt":"2018-06-27T21:11:33","guid":{"rendered":"http:\/\/192.168.64.2\/fr\/index.php\/2018\/06\/27\/le-president-de-la-commission-dorganisation-du-sommet-tout-est-pret-pour-laccueil-du-sommet-de-lua\/"},"modified":"2022-07-04T17:58:44","modified_gmt":"2022-07-04T17:58:44","slug":"le-president-de-la-commission-dorganisation-du-sommet-tout-est-pret-pour-laccueil-du-sommet-de-lua","status":"publish","type":"post","link":"https:\/\/ami.mr\/fr\/archives\/68748","title":{"rendered":"Le pr\u00e9sident de la commission d\u2019organisation du Sommet: tout est pr\u00eat pour l&#8217;accueil du sommet de l&#8217;UA"},"content":{"rendered":"<p>Le pr\u00e9sident de la commission minist\u00e9rielle charg\u00e9e de la pr\u00e9paration de la 31\u00e8me session ordinaire du Sommet de l\u2019Union Africaine, M. Mohamed Abdellahi Ould Oudaa a d\u00e9clar\u00e9 que la Mauritanie est pr\u00eate \u00e0 abriter cet important \u00e9v\u00e8nement africain pr\u00e9cisant, dans ce cadre, que toutes les dispositions ont \u00e9t\u00e9 prises pour assurer le succ\u00e8s de cette rencontre continentale.<\/p>\n<p>Il a confi\u00e9 \u00e0 l\u2019\u00e9quipe de l\u2019agence mauritanienne d\u2019information fix\u00e9e au Centre international des conf\u00e9rences de Nouakchott \u00ab Mourabitoune\u00bb, pour la circonstance, que la commission a entam\u00e9 ses travaux depuis qu\u2019elle a \u00e9t\u00e9 charg\u00e9e par Son Excellence le Pr\u00e9sident de la R\u00e9publique, Monsieur Mohamed Ould Abdel Aziz d\u2019accomplir cette mission le 29 Janvier dernier.<\/p>\n<p>Le pr\u00e9sident de la commission a pr\u00e9cis\u00e9 que, dans le souci de mener \u00e0 bien cette t\u00e2che d\u00e9licate, sept sous-commissions ont \u00e9t\u00e9 mises en place comprenant ; l\u2019accueil et l\u2019h\u00e9bergement, le transport, la logistique, la s\u00e9curit\u00e9, la communication, la culture et la sant\u00e9 parall\u00e8lement \u00e0 une autre charg\u00e9e de la comm\u00e9moration du centenaire du pr\u00e9sident Nelson Mandela.<\/p>\n<p>M. Mohamed Abdellahi Ould Oudaa a soulign\u00e9 que ces sous-commissions pr\u00e9sid\u00e9es par des conseillers \u00e0 la Pr\u00e9sidence de la R\u00e9publique ont aussit\u00f4t entam\u00e9 leurs travaux et sont parvenu \u00e0 achever ces travaux dans les meilleurs d\u00e9lais, r\u00e9unissant ainsi les conditions n\u00e9cessaires pour la r\u00e9ussite de cet \u00e9v\u00e9nement historique apr\u00e8s que Nouakchott ait abrit\u00e9 le sommet r\u00e9ussi de la Ligue Arabe en 2016.<\/p>\n<p>Il a ajout\u00e9 que le Pr\u00e9sident de la R\u00e9publique a instruit la commission pr\u00e9paratoire de mettre tous les moyens \u00e0 contribution pour assurer la r\u00e9ussite de ce sommet afin de lui donner un cachet particulier dans l\u2019histoire des sommets africains organis\u00e9s hors d\u2019Addis-Abeba. Ainsi nous avons proc\u00e9d\u00e9 \u00e0 la planification de notre action dans les diff\u00e9rents domaines et aucun d\u00e9tail n\u2019a \u00e9t\u00e9 n\u00e9glig\u00e9. A pr\u00e9sent, tous les travaux sont achev\u00e9s. M. Mohamed Abdellahi Ould Oudaa a soulign\u00e9 que le plus important aspect de la pr\u00e9paration a port\u00e9 sur la construction et l\u2019\u00e9quipement du centre international des conf\u00e9rences de Nouakchott \u00ab Mourabitoune \u00bb suivant les normes internationales, dont la d\u00e9cision d\u2019ex\u00e9cution a constitu\u00e9 un grand d\u00e9fi.<\/p>\n<p>Le ministre a indiqu\u00e9 que la commission a pris en consid\u00e9ration le nombre des pays pour d\u00e9finir les besoins en mati\u00e8re de r\u00e9sidences pr\u00e9sidentielles, de moyens de transport, d\u2019espaces de stationnement d\u2019avion. L\u2019importance du nombre des avions pr\u00e9vus a amen\u00e9 la commission \u00e0 op\u00e9rer une extension de ces espaces au niveau de l\u2019a\u00e9roport international Oumtounsy.<\/p>\n<p>Par rapport \u00e0 l\u2019aspect culturel de l\u2019\u00e9v\u00e9nement, le pr\u00e9sident de la commission a dit que la Mauritanie constitue un trait d\u2019union entre l\u2019Afrique et le monde arabe et qu\u2019elle a connu le lancement du mouvement des almoravides en direction de l\u2019Europe et le fondement de l\u2019empire du Gana ainsi que le rayonnement religieux au Sud Sahara d\u2019o\u00f9 l\u2019importance particuli\u00e8re qu\u2019elle accorde au sommet africain qui repr\u00e9sente pour la Mauritanie une r\u00e9conciliation avec l\u2019histoire pour que Nouakchott devienne la capitale de l\u2019Afrique soulignant que le visiteur du centre international \u00ab Mourabitoune \u00bb pourra d\u00e9couvrir notre production artisanale, des manuscrits, notre patrimoine culturel d\u2019une mani\u00e8re g\u00e9n\u00e9rale qui atteste de notre de identit\u00e9 civilisationnelle. Le pr\u00e9sident de la commission a d\u2019autre part indiqu\u00e9 que la pr\u00e9paration du sommet a permis d\u2019 investir davantage dans les infrastructures de base \u00e0 travers l\u2019extension et la r\u00e9habilitation de certains axes routier de la capitale et du r\u00e9seau urbain et la construction de ce joyau qui constitue une source de joie et de fiert\u00e9 de l\u2019avis de nombre de participants au sommet.<\/p>\n<p>Concernant le d\u00e9marrage effectif des travaux du sommet, le ministre a pr\u00e9cis\u00e9 que les repr\u00e9sentants permanents et les commissions sp\u00e9cialis\u00e9es ont entam\u00e9 leurs travaux depuis le 25 Juin du mois courant et que les travaux de la r\u00e9union des ministres des affaires \u00e9trang\u00e8res, pr\u00e9paratoire de la r\u00e9union des chefs d\u2019Etats les 1er et 2 Juillet prochain, sont pr\u00e9vus pour demain. Il a annonc\u00e9 que le Centre international des conf\u00e9rences abritera plusieurs activit\u00e9s parall\u00e8les dont la r\u00e9union des pr\u00e9sidents de l\u2019agence africaine de la muraille verte. Il a indiqu\u00e9 que selon les d\u00e9clarations de la commission de la communication plus de 600 accr\u00e9ditations ont \u00e9t\u00e9 d\u00e9livr\u00e9es aux journalistes de la presse africaine et internationale pour couvrir l\u2019\u00e9v\u00e9nement et 4500 invit\u00e9s sont attendus selon le commissariat de l\u2019Union Africaine.<\/p>\n<p>Le ministre a soulign\u00e9 que la commission travaille en coordination avec le commissariat de l\u2019Union Africaine pour assurer le succ\u00e8s du sommet conform\u00e9ment \u00e0 l\u2019accord sign\u00e9 entre les deux parties. M. Mohamed Abdellahi Ould Oudaa a enfin invit\u00e9 tous les acteurs \u00e0 contribuer \u00e0 la r\u00e9ussite du sommet et \u00e0 pr\u00e9senter l\u2019image r\u00e9elle de la Mauritanie faite d\u2019hospitalit\u00e9, de stabilit\u00e9 et de convivialit\u00e9.<\/p>\n<p>Le ministre a rappel\u00e9 les succ\u00e8s r\u00e9alis\u00e9s par la Mauritanie sur le plan diplomatique international, tant au niveau des m\u00e9diations, de la participation dynamique sur la sc\u00e8ne internationale qu\u2019au niveau des forces des Nations Unies de maintien de la paix.<\/p>\n<p>Il a remerci\u00e9 \u00e0 la fin de la rencontre l\u2019ensemble des d\u00e9partements pour les grands efforts qu\u2019ils ont consentis pour le succ\u00e8s du sommet de Nouakchott comme il a remerci\u00e9 le secteur priv\u00e9 pour les investissements r\u00e9alis\u00e9s pour offrir des services r\u00e9pondant aux aspirations de tous.<\/p>\n","protected":false},"excerpt":{"rendered":"<p>Le pr\u00e9sident de la commission minist\u00e9rielle charg\u00e9e de la pr\u00e9paration de la 31\u00e8me session ordinaire du Sommet de l\u2019Union Africaine, M. Mohamed Abdellahi Ould Oudaa a d\u00e9clar\u00e9 que la Mauritanie est pr\u00eate \u00e0 abriter cet important \u00e9v\u00e8nement africain pr\u00e9cisant,<\/p>\n","protected":false},"author":1,"featured_media":163593,"comment_status":"closed","ping_status":"closed","sticky":false,"template":"","format":"standard","meta":{"footnotes":""},"categories":[],"tags":[63227,62776,62476,63979],"class_list":["post-68748","post","type-post","status-publish","format-standard","has-post-thumbnail","hentry","tag-medlem","tag-nejah","tag-nouakchott","tag-sommet-africain"],"_links":{"self":[{"href":"https:\/\/ami.mr\/fr\/wp-json\/wp\/v2\/posts\/68748","targetHints":{"allow":["GET"]}}],"collection":[{"href":"https:\/\/ami.mr\/fr\/wp-json\/wp\/v2\/posts"}],"about":[{"href":"https:\/\/ami.mr\/fr\/wp-json\/wp\/v2\/types\/post"}],"author":[{"embeddable":true,"href":"https:\/\/ami.mr\/fr\/wp-json\/wp\/v2\/users\/1"}],"replies":[{"embeddable":true,"href":"https:\/\/ami.mr\/fr\/wp-json\/wp\/v2\/comments?post=68748"}],"version-history":[{"count":1,"href":"https:\/\/ami.mr\/fr\/wp-json\/wp\/v2\/posts\/68748\/revisions"}],"predecessor-version":[{"id":163592,"href":"https:\/\/ami.mr\/fr\/wp-json\/wp\/v2\/posts\/68748\/revisions\/163592"}],"wp:featuredmedia":[{"embeddable":true,"href":"https:\/\/ami.mr\/fr\/wp-json\/wp\/v2\/media\/163593"}],"wp:attachment":[{"href":"https:\/\/ami.mr\/fr\/wp-json\/wp\/v2\/media?parent=68748"}],"wp:term":[{"taxonomy":"category","embeddable":true,"href":"https:\/\/ami.mr\/fr\/wp-json\/wp\/v2\/categories?post=68748"},{"taxonomy":"post_tag","embeddable":true,"href":"https:\/\/ami.mr\/fr\/wp-json\/wp\/v2\/tags?post=68748"}],"curies":[{"name":"wp","href":"https:\/\/api.w.org\/{rel}","templated":true}]}}