{"id":68744,"date":"2018-06-27T17:24:28","date_gmt":"2018-06-27T17:24:28","guid":{"rendered":"http:\/\/192.168.64.2\/fr\/index.php\/2018\/06\/27\/atelier-de-formation-sur-lutilisation-des-laboratoires-ambulants-danalyse-de-leau\/"},"modified":"2022-07-04T17:58:39","modified_gmt":"2022-07-04T17:58:39","slug":"atelier-de-formation-sur-lutilisation-des-laboratoires-ambulants-danalyse-de-leau","status":"publish","type":"post","link":"https:\/\/ami.mr\/fr\/archives\/68744","title":{"rendered":"Atelier de formation sur l\u2019utilisation des laboratoires ambulants d\u2019analyse de l\u2019eau"},"content":{"rendered":"<p>Les travaux de l\u2019atelier de formation sur l\u2019utilisation des laboratoires ambulants d\u2019analyse de l\u2019eau ont d\u00e9but\u00e9 mercredi \u00e0 Nouakchott.<\/p>\n<p>La rencontre, organis\u00e9e par le minist\u00e8re de l\u2019hydraulique et de l\u2019assainissement, en collaboration avec l\u2019Unicef, vise la formation des directeurs r\u00e9gionaux sur l\u2019utilisation des laboratoires avant la distribution de ces derniers \u00e0 la fin de l\u2019atelier aux r\u00e9gions pour en tirer profit dans le domaine du contr\u00f4le de la qualit\u00e9 de l\u2019eau.<\/p>\n<p>Ouvrant les travaux, qui d\u00e9roulent sur deux jours, le secr\u00e9taire g\u00e9n\u00e9ral du minist\u00e8re, M. Mohamed Ould Abdallahi Salem Ould Ahmedoua a indiqu\u00e9 que notre pays a franchi des \u00e9tapes importantes sur la voie de l&#8217;atteinte des objectifs de d\u00e9veloppement durable et poursuit son action pour suivre et am\u00e9liorer les efforts tendant \u00e0 faire acc\u00e9der les populations aux services de l\u2019eau potable en qualit\u00e9 et quantit\u00e9 gr\u00e2ce aux sages orientations du Pr\u00e9sident de la R\u00e9publique, Monsieur Mohamed Ould Abdel Aziz pour l\u2019application desquelles veille le gouvernement du Premier ministre, M. Yahya Ould Hademine.<\/p>\n<p>C\u2019est ainsi que les statistiques men\u00e9es par le d\u00e9partement en 2015 ont montr\u00e9 l\u2019existence de plus de 1400 villages \u00e9quip\u00e9s de syst\u00e8mes AEP et 2500 villages \u00e9quip\u00e9s de puits modernes.<\/p>\n<p>Avec le parach\u00e8vement d\u2019un certain nombre de projets en cours comme le projet Aftout Chergui qui va approvisionner pr\u00e8s de 500 villages en eau potable, les r\u00e9seaux AEP vont d\u00e9passer les 2000,ce qui va sans doute poser de nouveaux d\u00e9fis non seulement pour leur gestion mais encore pour la p\u00e9rennit\u00e9 du service.<\/p>\n<p>Une telle probl\u00e9matique requiert de prendre les mesures appropri\u00e9es pour garantir la p\u00e9rennit\u00e9 des ressources hydriques \u00e0 travers leur pr\u00e9servation et la protection de l\u2019environnement.<\/p>\n<p>Par railleurs la pollution des eaux, en particulier les eaux sous-terraines, ajoute le secr\u00e9taire g\u00e9n\u00e9ral, n\u2019est pas seulement dangereux pour l\u2019environnement mais s\u2019\u00e9tend \u00e9galement au domaine de la sant\u00e9 humaine dans la mesure o\u00f9 l\u2019eau est un \u00e9l\u00e9ment essentiel \u00e0 la vie de l\u2019Homme. C\u2019est pourquoi l\u2019OMS soumet \u00e0 des crit\u00e8res rigoureux l&#8217;appr\u00e9ciation de la qualit\u00e9 de l\u2019eau.<\/p>\n<p>A son tour, M. Moustapha Harouna, porte- parole de l\u2019Unicef a lou\u00e9 le niveau de coop\u00e9ration entre son institution et le minist\u00e8re de l\u2019hydraulique et qui englobe plusieurs aspects vitaux.<\/p>\n<p>Il a ajout\u00e9 que l\u2019atelier, qui est l&#8217;une autre expression de la solidit\u00e9 de cette coop\u00e9ration, va permettre de doter les participants de connaissances et d\u2019expertises \u00e0 m\u00eame de leur faciliter l\u2019utilisation de ces laboratoires pour proc\u00e9der \u00e0 l\u2019analyse de l\u2019eau et de voir dans quelle mesure cette eau est propre ou non \u00e0 la consommation.<\/p>\n<p>La c\u00e9r\u00e9monie d\u2019ouverture s\u2019est d\u00e9roul\u00e9e en pr\u00e9sence du secr\u00e9taire g\u00e9n\u00e9ral du minist\u00e8re de la sant\u00e9, M. Ahmed Ould Di\u00e9 et de plusieurs responsables du d\u00e9partement de l\u2019hydraulique et de l\u2019assainissement.<\/p>\n","protected":false},"excerpt":{"rendered":"<p>Les travaux de l\u2019atelier de formation sur l\u2019utilisation des laboratoires ambulants d\u2019analyse de l\u2019eau ont d\u00e9but\u00e9 mercredi \u00e0 Nouakchott.<\/p>\n<p>La rencontre, organis\u00e9e par le minist\u00e8re<\/p>\n","protected":false},"author":1,"featured_media":163589,"comment_status":"closed","ping_status":"closed","sticky":false,"template":"","format":"standard","meta":{"footnotes":""},"categories":[],"tags":[62757,62476,63996],"class_list":["post-68744","post","type-post","status-publish","format-standard","has-post-thumbnail","hentry","tag-nomma","tag-nouakchott","tag-societe"],"_links":{"self":[{"href":"https:\/\/ami.mr\/fr\/wp-json\/wp\/v2\/posts\/68744","targetHints":{"allow":["GET"]}}],"collection":[{"href":"https:\/\/ami.mr\/fr\/wp-json\/wp\/v2\/posts"}],"about":[{"href":"https:\/\/ami.mr\/fr\/wp-json\/wp\/v2\/types\/post"}],"author":[{"embeddable":true,"href":"https:\/\/ami.mr\/fr\/wp-json\/wp\/v2\/users\/1"}],"replies":[{"embeddable":true,"href":"https:\/\/ami.mr\/fr\/wp-json\/wp\/v2\/comments?post=68744"}],"version-history":[{"count":1,"href":"https:\/\/ami.mr\/fr\/wp-json\/wp\/v2\/posts\/68744\/revisions"}],"predecessor-version":[{"id":163588,"href":"https:\/\/ami.mr\/fr\/wp-json\/wp\/v2\/posts\/68744\/revisions\/163588"}],"wp:featuredmedia":[{"embeddable":true,"href":"https:\/\/ami.mr\/fr\/wp-json\/wp\/v2\/media\/163589"}],"wp:attachment":[{"href":"https:\/\/ami.mr\/fr\/wp-json\/wp\/v2\/media?parent=68744"}],"wp:term":[{"taxonomy":"category","embeddable":true,"href":"https:\/\/ami.mr\/fr\/wp-json\/wp\/v2\/categories?post=68744"},{"taxonomy":"post_tag","embeddable":true,"href":"https:\/\/ami.mr\/fr\/wp-json\/wp\/v2\/tags?post=68744"}],"curies":[{"name":"wp","href":"https:\/\/api.w.org\/{rel}","templated":true}]}}