{"id":68740,"date":"2018-06-27T16:41:04","date_gmt":"2018-06-27T16:41:04","guid":{"rendered":"http:\/\/192.168.64.2\/fr\/index.php\/2018\/06\/27\/le-ministre-des-affaires-etrangeres-et-de-la-cooperation-recoit-lambassadeur-diran\/"},"modified":"2022-07-04T17:58:33","modified_gmt":"2022-07-04T17:58:33","slug":"le-ministre-des-affaires-etrangeres-et-de-la-cooperation-recoit-lambassadeur-diran","status":"publish","type":"post","link":"https:\/\/ami.mr\/fr\/archives\/68740","title":{"rendered":"Le ministre des affaires \u00e9trang\u00e8res et de la coop\u00e9ration re\u00e7oit l&#8217;ambassadeur d&#8217;Iran"},"content":{"rendered":"<p>Le ministre des affaires \u00e9trang\u00e8res et de la coop\u00e9ration, M. Smail Ould Cheikh Ahmed, a re\u00e7u en audience, mercredi \u00e0 Nouakchott, SEM Mohamed Amrani, ambassadeur d&#8217;Iran en Mauritanie.<\/p>\n<p>La rencontre a \u00e9t\u00e9 l&#8217;occasion de passer en revue les questions d&#8217;int\u00e9r\u00eat commun.<\/p>\n<p>L&#8217;audience s&#8217;est d\u00e9roul\u00e9e en pr\u00e9sence de SE Mme Mariem Aoufa, directrice des affaires am\u00e9ricaines et asiatiques au minist\u00e8re des affaires \u00e9trang\u00e8res et de la coop\u00e9ration<\/p>\n","protected":false},"excerpt":{"rendered":"<p>Le ministre des affaires \u00e9trang\u00e8res et de la coop\u00e9ration, M. Smail Ould Cheikh Ahmed, a re\u00e7u en audience, mercredi \u00e0 Nouakchott, SEM Mohamed Amrani, ambassadeur d&#8217;Iran en Mauritanie<\/p>\n","protected":false},"author":1,"featured_media":163585,"comment_status":"closed","ping_status":"closed","sticky":false,"template":"","format":"standard","meta":{"footnotes":""},"categories":[],"tags":[63990,62757,62476],"class_list":["post-68740","post","type-post","status-publish","format-standard","has-post-thumbnail","hentry","tag-activites-gouvernementales","tag-nomma","tag-nouakchott"],"_links":{"self":[{"href":"https:\/\/ami.mr\/fr\/wp-json\/wp\/v2\/posts\/68740","targetHints":{"allow":["GET"]}}],"collection":[{"href":"https:\/\/ami.mr\/fr\/wp-json\/wp\/v2\/posts"}],"about":[{"href":"https:\/\/ami.mr\/fr\/wp-json\/wp\/v2\/types\/post"}],"author":[{"embeddable":true,"href":"https:\/\/ami.mr\/fr\/wp-json\/wp\/v2\/users\/1"}],"replies":[{"embeddable":true,"href":"https:\/\/ami.mr\/fr\/wp-json\/wp\/v2\/comments?post=68740"}],"version-history":[{"count":1,"href":"https:\/\/ami.mr\/fr\/wp-json\/wp\/v2\/posts\/68740\/revisions"}],"predecessor-version":[{"id":163584,"href":"https:\/\/ami.mr\/fr\/wp-json\/wp\/v2\/posts\/68740\/revisions\/163584"}],"wp:featuredmedia":[{"embeddable":true,"href":"https:\/\/ami.mr\/fr\/wp-json\/wp\/v2\/media\/163585"}],"wp:attachment":[{"href":"https:\/\/ami.mr\/fr\/wp-json\/wp\/v2\/media?parent=68740"}],"wp:term":[{"taxonomy":"category","embeddable":true,"href":"https:\/\/ami.mr\/fr\/wp-json\/wp\/v2\/categories?post=68740"},{"taxonomy":"post_tag","embeddable":true,"href":"https:\/\/ami.mr\/fr\/wp-json\/wp\/v2\/tags?post=68740"}],"curies":[{"name":"wp","href":"https:\/\/api.w.org\/{rel}","templated":true}]}}