{"id":68323,"date":"2018-06-05T22:32:52","date_gmt":"2018-06-05T22:32:52","guid":{"rendered":"http:\/\/192.168.64.2\/fr\/index.php\/2018\/06\/05\/le-president-de-la-republique-felicite-le-roi-de-suede-7\/"},"modified":"2022-07-04T17:46:17","modified_gmt":"2022-07-04T17:46:17","slug":"le-president-de-la-republique-felicite-le-roi-de-suede-7","status":"publish","type":"post","link":"https:\/\/ami.mr\/fr\/archives\/68323","title":{"rendered":"Le Pr\u00e9sident de la R\u00e9publique f\u00e9licite le Roi De Su\u00e8de"},"content":{"rendered":"<p>Le Pr\u00e9sident de la R\u00e9publique, Monsieur Mohamed Ould Abdel Aziz, a adress\u00e9, mardi, le message de f\u00e9licitations qui suit \u00e0 sa Majest\u00e9 Charles XVI Gustave, Roi de Su\u00e8de, \u00e0 l&#8217;occasion de la c\u00e9l\u00e9bration par son pays de sa f\u00eate nationale :<\/p>\n<p>&#8220;Majest\u00e9,<\/p>\n<p>A l&#8217;occasion de la c\u00e9l\u00e9bration par le Royaume de Su\u00e8de de sa f\u00eate nationale, il m&#8217;est agr\u00e9able de vous exprimer mes meilleurs voeux de sant\u00e9 et de bonheur pour Votre Majest\u00e9 et de davantage de progr\u00e8s et de prosp\u00e9rit\u00e9 pour le peuple de Su\u00e8de ami.<\/p>\n<p>Je saisis cette occasion pour vous r\u00e9it\u00e9rer notre volont\u00e9 de continuer d&#8217;oeuvrer pour le renforcement et le d\u00e9veloppement des relations de coop\u00e9ration existant entre nos deux pays dans l&#8217;int\u00e9r\u00eat commun de nos deux peuples amis.<\/p>\n<p>Veuillez agr\u00e9er, Majest\u00e9, l&#8217;expression de ma tr\u00e8s haute consid\u00e9ration.<\/p>\n<p>Mohamed Ould Abdel Aziz&#8221;<\/p>\n","protected":false},"excerpt":{"rendered":"<p>Le Pr\u00e9sident de la R\u00e9publique, Monsieur Mohamed Ould Abdel Aziz, a adress\u00e9, mardi, le message de f\u00e9licitations qui suit \u00e0 sa Majest\u00e9 Charles XVI Gustave, Roi de Su\u00e8de, \u00e0 l&#8217;occasio<\/p>\n","protected":false},"author":1,"featured_media":163168,"comment_status":"closed","ping_status":"closed","sticky":false,"template":"","format":"standard","meta":{"footnotes":""},"categories":[],"tags":[63991,62476,62747],"class_list":["post-68323","post","type-post","status-publish","format-standard","has-post-thumbnail","hentry","tag-activites-presidentielles","tag-nouakchott","tag-s_bechire"],"_links":{"self":[{"href":"https:\/\/ami.mr\/fr\/wp-json\/wp\/v2\/posts\/68323","targetHints":{"allow":["GET"]}}],"collection":[{"href":"https:\/\/ami.mr\/fr\/wp-json\/wp\/v2\/posts"}],"about":[{"href":"https:\/\/ami.mr\/fr\/wp-json\/wp\/v2\/types\/post"}],"author":[{"embeddable":true,"href":"https:\/\/ami.mr\/fr\/wp-json\/wp\/v2\/users\/1"}],"replies":[{"embeddable":true,"href":"https:\/\/ami.mr\/fr\/wp-json\/wp\/v2\/comments?post=68323"}],"version-history":[{"count":1,"href":"https:\/\/ami.mr\/fr\/wp-json\/wp\/v2\/posts\/68323\/revisions"}],"predecessor-version":[{"id":163167,"href":"https:\/\/ami.mr\/fr\/wp-json\/wp\/v2\/posts\/68323\/revisions\/163167"}],"wp:featuredmedia":[{"embeddable":true,"href":"https:\/\/ami.mr\/fr\/wp-json\/wp\/v2\/media\/163168"}],"wp:attachment":[{"href":"https:\/\/ami.mr\/fr\/wp-json\/wp\/v2\/media?parent=68323"}],"wp:term":[{"taxonomy":"category","embeddable":true,"href":"https:\/\/ami.mr\/fr\/wp-json\/wp\/v2\/categories?post=68323"},{"taxonomy":"post_tag","embeddable":true,"href":"https:\/\/ami.mr\/fr\/wp-json\/wp\/v2\/tags?post=68323"}],"curies":[{"name":"wp","href":"https:\/\/api.w.org\/{rel}","templated":true}]}}