{"id":68322,"date":"2018-06-05T19:28:34","date_gmt":"2018-06-05T19:28:34","guid":{"rendered":"http:\/\/192.168.64.2\/fr\/index.php\/2018\/06\/05\/le-wali-du-hodh-echarghi-visite-des-services-regionaux\/"},"modified":"2022-07-04T17:46:17","modified_gmt":"2022-07-04T17:46:17","slug":"le-wali-du-hodh-echarghi-visite-des-services-regionaux","status":"publish","type":"post","link":"https:\/\/ami.mr\/fr\/archives\/68322","title":{"rendered":"Le wali du Hodh Echarghi visite des services r\u00e9gionaux"},"content":{"rendered":"<p>Le wali du Hodh Echarghi, M. Sall Seydou El Hacen, a proc\u00e9d\u00e9, mardi, \u00e0 la visite des repr\u00e9sentations r\u00e9gionales des minist\u00e8res du Commerce, de l\u2019Industrie et du Tourisme, de l\u2019Habitat, de l\u2019Urbanisme et de l\u2019Am\u00e9nagement du Territoire, de l\u2019\u00c9levage, des Affaires islamiques et de l\u2019Enseignement originel, de la Jeunesse et des Sports et du Commissariat \u00e0 la S\u00e9curit\u00e9 alimentaire.<\/p>\n<p>Au cours de cette visite, le wali s\u2019est enquis sur la bonne marche du service public dans ces diff\u00e9rentes institutions et recommand\u00e9 la prise en compte des pr\u00e9occupations des administr\u00e9s, la surveillance et le contr\u00f4le des prix sur le march\u00e9, la mise \u00e0 la disposition des populations de denr\u00e9es de premi\u00e8re n\u00e9cessit\u00e9 \u00e0 des prix abordable, la protection des ressources animales ainsi que l\u2019animation du mois de Ramadan sur la base des valeurs de notre sainte religion, fond\u00e9es sur la tol\u00e9rance, le pardon et la solidarit\u00e9 loin de tout extr\u00e9misme. Il a ax\u00e9 sur le r\u00f4le de chacun de ces services publics et appel\u00e9 \u00e0 leur synergie au service du citoyen.<\/p>\n<p>Au cours de la visite, le wali \u00e9tait accompagn\u00e9 du hakem de N\u00e9ma et des autres responsables de la wilaya.<\/p>\n","protected":false},"excerpt":{"rendered":"<p>Le wali du Hodh Echarghi, M. Sall Seydou El Hacen, a proc\u00e9d\u00e9, mardi, \u00e0 la visite des repr\u00e9sentations r\u00e9gionales des minist\u00e8res du Commerce, de l\u2019Industrie et du Tourisme, de l\u2019Habitat, de l\u2019Urbanisme et de l\u2019Am\u00e9nagement du Territoire, de l\u2019\u00c9levage, des Af<\/p>\n","protected":false},"author":1,"featured_media":0,"comment_status":"closed","ping_status":"closed","sticky":false,"template":"","format":"standard","meta":{"footnotes":""},"categories":[8672],"tags":[62476,62753],"class_list":["post-68322","post","type-post","status-publish","format-standard","hentry","category-8672","tag-nouakchott","tag-rabani"],"_links":{"self":[{"href":"https:\/\/ami.mr\/fr\/wp-json\/wp\/v2\/posts\/68322","targetHints":{"allow":["GET"]}}],"collection":[{"href":"https:\/\/ami.mr\/fr\/wp-json\/wp\/v2\/posts"}],"about":[{"href":"https:\/\/ami.mr\/fr\/wp-json\/wp\/v2\/types\/post"}],"author":[{"embeddable":true,"href":"https:\/\/ami.mr\/fr\/wp-json\/wp\/v2\/users\/1"}],"replies":[{"embeddable":true,"href":"https:\/\/ami.mr\/fr\/wp-json\/wp\/v2\/comments?post=68322"}],"version-history":[{"count":1,"href":"https:\/\/ami.mr\/fr\/wp-json\/wp\/v2\/posts\/68322\/revisions"}],"predecessor-version":[{"id":163166,"href":"https:\/\/ami.mr\/fr\/wp-json\/wp\/v2\/posts\/68322\/revisions\/163166"}],"wp:attachment":[{"href":"https:\/\/ami.mr\/fr\/wp-json\/wp\/v2\/media?parent=68322"}],"wp:term":[{"taxonomy":"category","embeddable":true,"href":"https:\/\/ami.mr\/fr\/wp-json\/wp\/v2\/categories?post=68322"},{"taxonomy":"post_tag","embeddable":true,"href":"https:\/\/ami.mr\/fr\/wp-json\/wp\/v2\/tags?post=68322"}],"curies":[{"name":"wp","href":"https:\/\/api.w.org\/{rel}","templated":true}]}}