{"id":68320,"date":"2018-06-05T18:25:01","date_gmt":"2018-06-05T18:25:01","guid":{"rendered":"http:\/\/192.168.64.2\/fr\/index.php\/2018\/06\/05\/le-ministre-des-affaires-etrangeres-et-de-la-cooperation-recoit-lenvoye-special-de-lue-pour-le-sahel\/"},"modified":"2022-07-04T17:46:14","modified_gmt":"2022-07-04T17:46:14","slug":"le-ministre-des-affaires-etrangeres-et-de-la-cooperation-recoit-lenvoye-special-de-lue-pour-le-sahel","status":"publish","type":"post","link":"https:\/\/ami.mr\/fr\/archives\/68320","title":{"rendered":"Le ministre des Affaires \u00e9trang\u00e8res et de la Coop\u00e9ration re\u00e7oit l\u2019envoy\u00e9 sp\u00e9cial de l\u2019UE pour le Sahel"},"content":{"rendered":"<p>Le ministre des Affaires \u00e9trang\u00e8res et de la Coop\u00e9ration, Dr. Isselkou Ould Ahmed Izid Bih, a re\u00e7u en audience, mardi \u00e0 Nouakchott, SEM. Angel Losada, envoy\u00e9 sp\u00e9cial de l\u2019Union Europ\u00e9enne pour la r\u00e9gion du Sahel<\/p>\n<p>L\u2019audience s\u2019est d\u00e9roul\u00e9 en pr\u00e9sence de M. Abdel kader Mohamed Ahmedou ambassadeur directeur des affaires europ\u00e9ennes au Minist\u00e8re des Affaires \u00e9trang\u00e8res et de la Coop\u00e9ration.<\/p>\n","protected":false},"excerpt":{"rendered":"<p>Le ministre des Affaires \u00e9trang\u00e8res et de la Coop\u00e9ration, Dr. Isselkou Ould Ahmed Izid Bih, a re\u00e7u en audience, mardi \u00e0 Nouakchott, SEM. Angel Losada, envoy\u00e9 sp\u00e9cial de l\u2019Union Europ\u00e9enne pour la r\u00e9gion du Sahel<\/p>\n<p>L\u2019audience s\u2019est d\u00e9roul\u00e9 en pr\u00e9sence de<\/p>\n","protected":false},"author":1,"featured_media":163165,"comment_status":"closed","ping_status":"closed","sticky":false,"template":"","format":"standard","meta":{"footnotes":""},"categories":[],"tags":[63990,62476,62753],"class_list":["post-68320","post","type-post","status-publish","format-standard","has-post-thumbnail","hentry","tag-activites-gouvernementales","tag-nouakchott","tag-rabani"],"_links":{"self":[{"href":"https:\/\/ami.mr\/fr\/wp-json\/wp\/v2\/posts\/68320","targetHints":{"allow":["GET"]}}],"collection":[{"href":"https:\/\/ami.mr\/fr\/wp-json\/wp\/v2\/posts"}],"about":[{"href":"https:\/\/ami.mr\/fr\/wp-json\/wp\/v2\/types\/post"}],"author":[{"embeddable":true,"href":"https:\/\/ami.mr\/fr\/wp-json\/wp\/v2\/users\/1"}],"replies":[{"embeddable":true,"href":"https:\/\/ami.mr\/fr\/wp-json\/wp\/v2\/comments?post=68320"}],"version-history":[{"count":1,"href":"https:\/\/ami.mr\/fr\/wp-json\/wp\/v2\/posts\/68320\/revisions"}],"predecessor-version":[{"id":163164,"href":"https:\/\/ami.mr\/fr\/wp-json\/wp\/v2\/posts\/68320\/revisions\/163164"}],"wp:featuredmedia":[{"embeddable":true,"href":"https:\/\/ami.mr\/fr\/wp-json\/wp\/v2\/media\/163165"}],"wp:attachment":[{"href":"https:\/\/ami.mr\/fr\/wp-json\/wp\/v2\/media?parent=68320"}],"wp:term":[{"taxonomy":"category","embeddable":true,"href":"https:\/\/ami.mr\/fr\/wp-json\/wp\/v2\/categories?post=68320"},{"taxonomy":"post_tag","embeddable":true,"href":"https:\/\/ami.mr\/fr\/wp-json\/wp\/v2\/tags?post=68320"}],"curies":[{"name":"wp","href":"https:\/\/api.w.org\/{rel}","templated":true}]}}