{"id":68238,"date":"2018-05-31T16:05:50","date_gmt":"2018-05-31T16:05:50","guid":{"rendered":"http:\/\/192.168.64.2\/fr\/index.php\/2018\/05\/31\/manifestation-pedagogique-a-lecole-dexcellence-de-tevragh-zeina\/"},"modified":"2022-07-04T17:43:48","modified_gmt":"2022-07-04T17:43:48","slug":"manifestation-pedagogique-a-lecole-dexcellence-de-tevragh-zeina","status":"publish","type":"post","link":"https:\/\/ami.mr\/fr\/archives\/68238","title":{"rendered":"Manifestation p\u00e9dagogique \u00e0 l\u2019\u00e9cole d\u2019excellence de Tevragh-Ze\u00efna"},"content":{"rendered":"<p>L\u2019\u00e9cole primaire d\u2019excellence de Tevragh-Ze\u00efna a organis\u00e9, ce jeudi, une manifestation p\u00e9dagogique \u00e0 l\u2019occasion de la cl\u00f4ture de l\u2019ann\u00e9e scolaire sous le th\u00e8me \u00ab La collaboration entre parents et \u00e9cole est le gage d\u2019une g\u00e9n\u00e9ration d\u2019excellence \u00bb.<\/p>\n<p>La manifestation a comport\u00e9 des sketchs, des repr\u00e9sentations et des r\u00e9citations de po\u00e8mes qui magnifient le savoir, l\u2019effort, l\u2019excellence et l\u2019amour de la patrie.<\/p>\n<p>La c\u00e9r\u00e9monie de lancement de cette manifestation a \u00e9t\u00e9 supervis\u00e9e par la conseill\u00e8re du ministre de l\u2019Education nationale, charg\u00e9e du suivi-\u00e9valuation, Mme Ba Fatimata.<\/p>\n<p>Parlant au nom du staff de l\u2019\u00e9cole, M. Mohamed Mahmoud Ould Didi, a indiqu\u00e9 que cette manifestation s\u2019inscrit dans le cadre du programme p\u00e9dagogique de l\u2019\u00e9cole visant \u00e0 cultiver les valeurs civiques, \u00e0 promouvoir l\u2019acquisition du savoir, \u00e0 raffermir l\u2019amour de la patrie et renforcer les liens au sein de la famille scolaire.<\/p>\n<p>Il s\u2019est r\u00e9joui des r\u00e9sultats enregistr\u00e9s par l\u2019son \u00e9tablissement scolaire, pr\u00e9cisant que la mise en \u0153uvre des programmes sp\u00e9cifiques d\u2019excellence dans cette \u00e9cole a permis aux \u00e9l\u00e8ves de se distinguer dans les examens et concours au niveau nationale.<\/p>\n<p>De son c\u00f4t\u00e9 le repr\u00e9sentant des parents d\u2019\u00e9l\u00e8ves a appr\u00e9ci\u00e9 positivement cette manifestation qui participe de l\u2019\u00e9mulation des \u00e9l\u00e8ves et les incite \u00e0 d\u00e9ployer davantage d&#8217;efforts pour qu\u2019ils soient toujours les meilleurs.<\/p>\n<p>Le v\u00e9ritable capital est aujourd\u2019hui humain comme en attestent les pays sans ressources naturelles et qui se hissent actuellement en t\u00eate des pays d\u00e9velopp\u00e9s gr\u00e2ce \u00e0 leurs ressources humaines et \u00e0 leur maitrise des technologies nouvelles.<\/p>\n<p>La c\u00e9r\u00e9monie s\u2019est d\u00e9roul\u00e9e en pr\u00e9sence d\u2019un parterre de personnalit\u00e9s du monde de l\u2019\u00e9ducation, de la culture et des sciences.<\/p>\n","protected":false},"excerpt":{"rendered":"<p>L\u2019\u00e9cole primaire d\u2019excellence de Tevragh-Ze\u00efna a organis\u00e9, ce jeudi, une manifestation p\u00e9dagogique \u00e0 l\u2019occasion de la cl\u00f4ture de l\u2019ann\u00e9e scolaire sous le th\u00e8me \u00ab La collaboration entre parents et \u00e9cole est le gage d\u2019une g\u00e9n\u00e9ration d\u2019excellence \u00bb<\/p>\n","protected":false},"author":1,"featured_media":163083,"comment_status":"closed","ping_status":"closed","sticky":false,"template":"","format":"standard","meta":{"footnotes":""},"categories":[104],"tags":[62476,62753],"class_list":["post-68238","post","type-post","status-publish","format-standard","has-post-thumbnail","hentry","category-104","tag-nouakchott","tag-rabani"],"_links":{"self":[{"href":"https:\/\/ami.mr\/fr\/wp-json\/wp\/v2\/posts\/68238","targetHints":{"allow":["GET"]}}],"collection":[{"href":"https:\/\/ami.mr\/fr\/wp-json\/wp\/v2\/posts"}],"about":[{"href":"https:\/\/ami.mr\/fr\/wp-json\/wp\/v2\/types\/post"}],"author":[{"embeddable":true,"href":"https:\/\/ami.mr\/fr\/wp-json\/wp\/v2\/users\/1"}],"replies":[{"embeddable":true,"href":"https:\/\/ami.mr\/fr\/wp-json\/wp\/v2\/comments?post=68238"}],"version-history":[{"count":1,"href":"https:\/\/ami.mr\/fr\/wp-json\/wp\/v2\/posts\/68238\/revisions"}],"predecessor-version":[{"id":163082,"href":"https:\/\/ami.mr\/fr\/wp-json\/wp\/v2\/posts\/68238\/revisions\/163082"}],"wp:featuredmedia":[{"embeddable":true,"href":"https:\/\/ami.mr\/fr\/wp-json\/wp\/v2\/media\/163083"}],"wp:attachment":[{"href":"https:\/\/ami.mr\/fr\/wp-json\/wp\/v2\/media?parent=68238"}],"wp:term":[{"taxonomy":"category","embeddable":true,"href":"https:\/\/ami.mr\/fr\/wp-json\/wp\/v2\/categories?post=68238"},{"taxonomy":"post_tag","embeddable":true,"href":"https:\/\/ami.mr\/fr\/wp-json\/wp\/v2\/tags?post=68238"}],"curies":[{"name":"wp","href":"https:\/\/api.w.org\/{rel}","templated":true}]}}