{"id":67885,"date":"2018-05-13T12:23:50","date_gmt":"2018-05-13T12:23:50","guid":{"rendered":"http:\/\/192.168.64.2\/fr\/index.php\/2018\/05\/13\/ambassadeur-de-lue-la-mauritanie-est-consideree-a-juste-titre-comme-un-pays-ayant-reussi-a-maitriser-le-terrorisme-et-les-trafics-qui-lalimentent\/"},"modified":"2022-07-04T17:33:40","modified_gmt":"2022-07-04T17:33:40","slug":"ambassadeur-de-lue-la-mauritanie-est-consideree-a-juste-titre-comme-un-pays-ayant-reussi-a-maitriser-le-terrorisme-et-les-trafics-qui-lalimentent","status":"publish","type":"post","link":"https:\/\/ami.mr\/fr\/archives\/67885","title":{"rendered":"Ambassadeur de l\u2019UE: La Mauritanie est consid\u00e9r\u00e9e \u00e0 juste titre comme un pays ayant r\u00e9ussi \u00e0 maitriser le terrorisme et les trafics qui l&#8217;alimentent"},"content":{"rendered":"<p>La d\u00e9l\u00e9gation de l\u2019Union \u00e0 Nouakchott vient de c\u00e9l\u00e9brer la journ\u00e9e de l&#8217;Europe, qui co\u00efncide avec le 9 mai de chaque ann\u00e9e.<\/p>\n<p>L\u2019\u00e9v\u00e8nement a donn\u00e9 lieu \u00e0 une c\u00e9r\u00e9monie, en pr\u00e9sence du ministre des affaires \u00e9trang\u00e8res et de la coop\u00e9ration, Dr. Isselkou Ould Ahmed Izid Bih.<\/p>\n<p>La c\u00e9r\u00e9monie a \u00e9t\u00e9 marqu\u00e9e par un discours de l\u2019Ambassadeur de l&#8217;UE en Mauritanie, S.E.M. Giacomo Durazzo, dans lequel il a pr\u00e9cis\u00e9 : \u2018\u2019 la Mauritanie est consid\u00e9r\u00e9e \u00e0 juste titre comme un pays ayant r\u00e9ussi \u00e0 ma\u00eetriser le terrorisme et les trafics qui l&#8217;alimentent, \u00e0 lutter contre le trafic d&#8217;\u00eatres humains et \u00e0 assurer de mani\u00e8re efficace un contr\u00f4le de son territoire dans un environnement r\u00e9gional de plus en plus difficile\u2019\u2019.<\/p>\n<p>Au niveau g\u00e9ostrat\u00e9gique, l\u2019ambassadeur a soulign\u00e9 que la Mauritanie assure un r\u00f4le important dans la stabilit\u00e9 et la s\u00e9curit\u00e9 de la r\u00e9gion et r\u00e9it\u00e9r\u00e9 sa position g\u00e9ographique situ\u00e9e \u00e0 cheval entre le Maghreb et l&#8217;Afrique de l&#8217;Ouest, voisine de l&#8217;Europe.<\/p>\n<p>Par cette position, dit-il, elle joue un r\u00f4le essentiel de pont, permettant d&#8217;assurer une transition entre les diff\u00e9rents espaces gr\u00e2ce aussi \u00e0 la forte diversit\u00e9 culturelle et ethnique de sa population, qui constitue \u00e0 cet effet un atout important.<\/p>\n<p>Au sujet de la coop\u00e9ration entre la Mauritanie et l\u2019UE, l\u2019ambassadeur a rappel\u00e9 que l\u2019UE a accompagn\u00e9 la Mauritanie d\u00e8s son ind\u00e9pendance et a pu, dans ce cadre, mobiliser, \u00e0 travers le Fonds europ\u00e9en de D\u00e9veloppement, des financements substantiels pour appuyer son d\u00e9veloppement dans cinq secteurs principaux : les transports, l&#8217;agriculture, les mines, la bonne gouvernance et la p\u00eache.<\/p>\n<p>\u2018\u2019Concernant ce dernier secteur, je voudrai souligner l&#8217;importance du partenariat strat\u00e9gique d\u00e9velopp\u00e9 avec la Mauritanie qui dans le cadre du plus important accord sign\u00e9 entre l&#8217;UE et un pays tiers, a permis de g\u00e9n\u00e9rer pour la p\u00e9riode 2015-2017, une contribution financi\u00e8re de 175 M \u20ac, vers\u00e9s en grande partie sur le budget de l&#8217;Etat mais aussi en soutien direct au renforcement du secteur\u2019\u2019, a affirm\u00e9 l\u2019ambassadeur.<\/p>\n<p>L\u2019ambassadeur a \u00e9galement parl\u00e9 du dialogue politique engag\u00e9 par l\u2019UE avec le Gouvernement mauritanien et l\u2019a qualifi\u00e9 d\u2019intense, franc et respectueux, notant qu\u2019il a permis d\u2019\u00e9voquer avec le Premier Ministre et son gouvernement le processus \u00e9lectoral qui vient de d\u00e9marrer avec la mise en place d&#8217;une nouvelle CENI.<\/p>\n<p>Il a \u00e9galement rappel\u00e9 la r\u00e9cente mission parlementaire de l&#8217;Assembl\u00e9e paritaire ACP\/UE venue en Mauritanie pour s&#8217;informer sur la situation concernant l&#8217;Etat de droit, les droits humains, les libert\u00e9s d&#8217;expression, d&#8217;association et de r\u00e9union et l&#8217;\u00e9radication de l&#8217;esclavage et de ses s\u00e9quelles.<\/p>\n<p>Abordant le partenariat entre le G5 Sahel et l&#8217;Union europ\u00e9enne, l\u2019ambassadeur a pr\u00e9cis\u00e9 qu\u2019elle peut se d\u00e9finir comme exemplaire, avec des rencontres politiques r\u00e9guli\u00e8res au plus haut niveau, la pr\u00e9sence d&#8217;un repr\u00e9sentant sp\u00e9cial qui joue un r\u00f4le diplomatique et politique important notamment dans la mise en \u0153uvre de l&#8217;accord de paix au Mali et le soutien aux diff\u00e9rentes activit\u00e9s men\u00e9es par le Secr\u00e9tariat Permanent.<\/p>\n<p>Il a ajout\u00e9 qu\u2019en mati\u00e8re de s\u00e9curit\u00e9, l&#8217;Union europ\u00e9enne a soutenu d\u00e8s sa cr\u00e9ation en F\u00e9vrier 2017, la force conjointe du G5 Sahel, en finan\u00e7ant une premi\u00e8re tranche de 50 M \u20ac, compl\u00e9t\u00e9e par une deuxi\u00e8me tranche du m\u00eame montant, annonc\u00e9e lors de la conf\u00e9rence organis\u00e9e \u00e0 Bruxelles au mois de F\u00e9vrier 2018, conf\u00e9rence qui a permis de g\u00e9n\u00e9rer suffisamment de fonds pour assurer le d\u00e9marrage et le fonctionnement de la force pour une ann\u00e9e.<\/p>\n","protected":false},"excerpt":{"rendered":"<p>La d\u00e9l\u00e9gation de l\u2019Union \u00e0 Nouakchott vient de c\u00e9l\u00e9brer la journ\u00e9e de l&#8217;Europe, qui co\u00efncide avec le 9 mai de chaque ann\u00e9e.<\/p>\n<p>L\u2019\u00e9v\u00e8nement a donn\u00e9 lieu \u00e0 une c\u00e9r\u00e9monie, en pr\u00e9sence du ministre des affaires \u00e9trang\u00e8res et de la coop\u00e9ration, Dr<\/p>\n","protected":false},"author":1,"featured_media":162730,"comment_status":"closed","ping_status":"closed","sticky":false,"template":"","format":"standard","meta":{"footnotes":""},"categories":[],"tags":[63990,62757,62476,62747],"class_list":["post-67885","post","type-post","status-publish","format-standard","has-post-thumbnail","hentry","tag-activites-gouvernementales","tag-nomma","tag-nouakchott","tag-s_bechire"],"_links":{"self":[{"href":"https:\/\/ami.mr\/fr\/wp-json\/wp\/v2\/posts\/67885","targetHints":{"allow":["GET"]}}],"collection":[{"href":"https:\/\/ami.mr\/fr\/wp-json\/wp\/v2\/posts"}],"about":[{"href":"https:\/\/ami.mr\/fr\/wp-json\/wp\/v2\/types\/post"}],"author":[{"embeddable":true,"href":"https:\/\/ami.mr\/fr\/wp-json\/wp\/v2\/users\/1"}],"replies":[{"embeddable":true,"href":"https:\/\/ami.mr\/fr\/wp-json\/wp\/v2\/comments?post=67885"}],"version-history":[{"count":1,"href":"https:\/\/ami.mr\/fr\/wp-json\/wp\/v2\/posts\/67885\/revisions"}],"predecessor-version":[{"id":162729,"href":"https:\/\/ami.mr\/fr\/wp-json\/wp\/v2\/posts\/67885\/revisions\/162729"}],"wp:featuredmedia":[{"embeddable":true,"href":"https:\/\/ami.mr\/fr\/wp-json\/wp\/v2\/media\/162730"}],"wp:attachment":[{"href":"https:\/\/ami.mr\/fr\/wp-json\/wp\/v2\/media?parent=67885"}],"wp:term":[{"taxonomy":"category","embeddable":true,"href":"https:\/\/ami.mr\/fr\/wp-json\/wp\/v2\/categories?post=67885"},{"taxonomy":"post_tag","embeddable":true,"href":"https:\/\/ami.mr\/fr\/wp-json\/wp\/v2\/tags?post=67885"}],"curies":[{"name":"wp","href":"https:\/\/api.w.org\/{rel}","templated":true}]}}