{"id":67660,"date":"2018-05-01T15:08:46","date_gmt":"2018-05-01T15:08:46","guid":{"rendered":"http:\/\/192.168.64.2\/fr\/index.php\/2018\/05\/01\/la-cntm-commemore-la-fete-internationale-du-travail\/"},"modified":"2022-07-04T17:27:12","modified_gmt":"2022-07-04T17:27:12","slug":"la-cntm-commemore-la-fete-internationale-du-travail","status":"publish","type":"post","link":"https:\/\/ami.mr\/fr\/archives\/67660","title":{"rendered":"La CNTM comm\u00e9more la f\u00eate internationale du Travail"},"content":{"rendered":"<p>La Conf\u00e9d\u00e9ration Nationale des Travailleurs de Mauritanie (CNTM) a comm\u00e9mor\u00e9 mardi \u00e0 Nouakchott la f\u00eate internationale du travail.<\/p>\n<p>Les festivit\u00e9s comm\u00e9moratives de cette journ\u00e9e ont \u00e9t\u00e9 marqu\u00e9es par l\u2019organisation d\u2019une marche qui a d\u00e9marr\u00e9 \u00e0 partir du si\u00e8ge de la CNTM \u00e0 destination de l\u2019ancienne maison des jeunes.<\/p>\n<p>Le Secr\u00e9taire g\u00e9n\u00e9ral de la CNTM, Mohamed Ahmed Ould Saleck a insist\u00e9 sur la n\u00e9cessit\u00e9 d\u2019\u0153uvrer \u00e0 la r\u00e9alisation des droits des travailleurs, soulignant l\u2019importance de l\u2019ouverture d\u2019un dialogue social s\u00e9rieux.<\/p>\n<p>Il a \u00e9galement demand\u00e9 de prendre en consid\u00e9ration les conditions des travailleurs \u00e0 travers l\u2019augmentation de leurs salaires en veiller \u00e9galement \u00e0 la maitrise des prix.<\/p>\n<p>La CNTM a expos\u00e9, au cours du meeting qui a couronn\u00e9 sa marche, sa plateforme revendicative qui demande, entre autres, la r\u00e9vision du salaire de base, la mise en place d\u2019un cadre permanent de concertation, l\u2019esquisse d\u2019une politique de formation professionnelle, la r\u00e9vision des pensions des retrait\u00e9s et la protection du pouvoir d\u2019achat des diff\u00e9rentes couches de la soci\u00e9t\u00e9.<\/p>\n","protected":false},"excerpt":{"rendered":"<p>La Conf\u00e9d\u00e9ration Nationale des Travailleurs de Mauritanie (CNTM) a comm\u00e9mor\u00e9 mardi \u00e0 Nouakchott la f\u00eate internationale du travail.<\/p>\n<p>Les festivit\u00e9s comm\u00e9moratives de cette journ\u00e9e ont \u00e9t\u00e9 marqu\u00e9es par l\u2019organisation d\u2019une marche qui a d\u00e9marr\u00e9 \u00e0 partir du<\/p>\n","protected":false},"author":1,"featured_media":162505,"comment_status":"closed","ping_status":"closed","sticky":false,"template":"","format":"standard","meta":{"footnotes":""},"categories":[],"tags":[62985,62757,62476,63996],"class_list":["post-67660","post","type-post","status-publish","format-standard","has-post-thumbnail","hentry","tag-nafa","tag-nomma","tag-nouakchott","tag-societe"],"_links":{"self":[{"href":"https:\/\/ami.mr\/fr\/wp-json\/wp\/v2\/posts\/67660","targetHints":{"allow":["GET"]}}],"collection":[{"href":"https:\/\/ami.mr\/fr\/wp-json\/wp\/v2\/posts"}],"about":[{"href":"https:\/\/ami.mr\/fr\/wp-json\/wp\/v2\/types\/post"}],"author":[{"embeddable":true,"href":"https:\/\/ami.mr\/fr\/wp-json\/wp\/v2\/users\/1"}],"replies":[{"embeddable":true,"href":"https:\/\/ami.mr\/fr\/wp-json\/wp\/v2\/comments?post=67660"}],"version-history":[{"count":1,"href":"https:\/\/ami.mr\/fr\/wp-json\/wp\/v2\/posts\/67660\/revisions"}],"predecessor-version":[{"id":162504,"href":"https:\/\/ami.mr\/fr\/wp-json\/wp\/v2\/posts\/67660\/revisions\/162504"}],"wp:featuredmedia":[{"embeddable":true,"href":"https:\/\/ami.mr\/fr\/wp-json\/wp\/v2\/media\/162505"}],"wp:attachment":[{"href":"https:\/\/ami.mr\/fr\/wp-json\/wp\/v2\/media?parent=67660"}],"wp:term":[{"taxonomy":"category","embeddable":true,"href":"https:\/\/ami.mr\/fr\/wp-json\/wp\/v2\/categories?post=67660"},{"taxonomy":"post_tag","embeddable":true,"href":"https:\/\/ami.mr\/fr\/wp-json\/wp\/v2\/tags?post=67660"}],"curies":[{"name":"wp","href":"https:\/\/api.w.org\/{rel}","templated":true}]}}