{"id":67647,"date":"2018-05-01T11:30:07","date_gmt":"2018-05-01T11:30:07","guid":{"rendered":"http:\/\/192.168.64.2\/fr\/index.php\/2018\/05\/01\/lunion-generale-des-travailleurs-de-mauritanie-celebre-la-fete-internationale-des-travailleurs\/"},"modified":"2022-07-04T17:26:50","modified_gmt":"2022-07-04T17:26:50","slug":"lunion-generale-des-travailleurs-de-mauritanie-celebre-la-fete-internationale-des-travailleurs","status":"publish","type":"post","link":"https:\/\/ami.mr\/fr\/archives\/67647","title":{"rendered":"L&#8217;Union g\u00e9n\u00e9rale des travailleurs de Mauritanie c\u00e9l\u00e8bre la f\u00eate internationale des travailleurs"},"content":{"rendered":"<p>L&#8217;Union g\u00e9n\u00e9rale des travailleurs de Mauritanie (UGTM) a c\u00e9l\u00e9br\u00e9, mardi, \u00e0 Nouakchott, la f\u00eate internationale des travailleurs qui co\u00efncide avec le premier mai de chaque ann\u00e9e.<\/p>\n<p>L&#8217;UGTM a organis\u00e9 \u00e0 cette occasion un rassemblement dans son si\u00e8ge au centre de la capitale au cours duquel le secr\u00e9taire g\u00e9n\u00e9ral de l&#8217;Union, M. Cheikh Sid&#8217;Ahmed Ould Sid Oumou a f\u00e9licit\u00e9 les adh\u00e9rents \u00e0 son syndicat pour leur solidarit\u00e9 en vue de d\u00e9fendre leurs droits et de contribuer \u00e0 l&#8217;\u00e9dification du pays.<\/p>\n<p>L&#8217;assistance a \u00e9cout\u00e9 \u00e0 la fin du rassemblement le cahier des dol\u00e9ances pr\u00e9sent\u00e9 par l&#8217;UGTM et qui comprend, entre autres, la r\u00e9vision des lois relatives \u00e0 l&#8217;emploi, \u00e0 la s\u00e9curit\u00e9 sociale et \u00e0 la fonction publique, la ratification des lois adopt\u00e9es et l&#8217;acc\u00e9l\u00e9ration de leurs d\u00e9crets d&#8217;application.<\/p>\n<p>Le cahier comporte aussi l&#8217;am\u00e9lioration des conditions de travail dans les secteurs public et priv\u00e9, une augmentation des salaires et des pensions de retraite, les soins m\u00e9dicaux, des bourses d&#8217;\u00e9tudes pour les fils des travailleurs, la mise en place d&#8217;un m\u00e9canisme pour l&#8217;application du slogan &#8221; l&#8217;habitat d\u00e9cent, un devoir pour chaque citoyen et un droit pour tout travailleurs en service ou \u00e0 la retraite&#8221; et le payement des heures suppl\u00e9mentaires.<\/p>\n","protected":false},"excerpt":{"rendered":"<p>L&#8217;Union g\u00e9n\u00e9rale des travailleurs de Mauritanie (UGTM) a c\u00e9l\u00e9br\u00e9, mardi, \u00e0 Nouakchott, la f\u00eate internationale des travailleurs qui co\u00efncide avec le premier mai de chaque ann\u00e9e.<\/p>\n<p>L&#8217;UGTM a organis\u00e9 \u00e0 cette occasion un rassemblement dans son si\u00e8ge au centr<\/p>\n","protected":false},"author":1,"featured_media":162492,"comment_status":"closed","ping_status":"closed","sticky":false,"template":"","format":"standard","meta":{"footnotes":""},"categories":[],"tags":[62985,62757,62476,63996],"class_list":["post-67647","post","type-post","status-publish","format-standard","has-post-thumbnail","hentry","tag-nafa","tag-nomma","tag-nouakchott","tag-societe"],"_links":{"self":[{"href":"https:\/\/ami.mr\/fr\/wp-json\/wp\/v2\/posts\/67647","targetHints":{"allow":["GET"]}}],"collection":[{"href":"https:\/\/ami.mr\/fr\/wp-json\/wp\/v2\/posts"}],"about":[{"href":"https:\/\/ami.mr\/fr\/wp-json\/wp\/v2\/types\/post"}],"author":[{"embeddable":true,"href":"https:\/\/ami.mr\/fr\/wp-json\/wp\/v2\/users\/1"}],"replies":[{"embeddable":true,"href":"https:\/\/ami.mr\/fr\/wp-json\/wp\/v2\/comments?post=67647"}],"version-history":[{"count":1,"href":"https:\/\/ami.mr\/fr\/wp-json\/wp\/v2\/posts\/67647\/revisions"}],"predecessor-version":[{"id":162491,"href":"https:\/\/ami.mr\/fr\/wp-json\/wp\/v2\/posts\/67647\/revisions\/162491"}],"wp:featuredmedia":[{"embeddable":true,"href":"https:\/\/ami.mr\/fr\/wp-json\/wp\/v2\/media\/162492"}],"wp:attachment":[{"href":"https:\/\/ami.mr\/fr\/wp-json\/wp\/v2\/media?parent=67647"}],"wp:term":[{"taxonomy":"category","embeddable":true,"href":"https:\/\/ami.mr\/fr\/wp-json\/wp\/v2\/categories?post=67647"},{"taxonomy":"post_tag","embeddable":true,"href":"https:\/\/ami.mr\/fr\/wp-json\/wp\/v2\/tags?post=67647"}],"curies":[{"name":"wp","href":"https:\/\/api.w.org\/{rel}","templated":true}]}}