{"id":67501,"date":"2018-04-24T19:28:08","date_gmt":"2018-04-24T19:28:08","guid":{"rendered":"http:\/\/192.168.64.2\/fr\/index.php\/2018\/04\/24\/discuter-des-relations-de-cooperation-entre-la-mauritanie-et-la-croix-rouge-dans-le-domaine-judiciaire\/"},"modified":"2022-07-04T17:22:40","modified_gmt":"2022-07-04T17:22:40","slug":"discuter-des-relations-de-cooperation-entre-la-mauritanie-et-la-croix-rouge-dans-le-domaine-judiciaire","status":"publish","type":"post","link":"https:\/\/ami.mr\/fr\/archives\/67501","title":{"rendered":"Discuter des relations de coop\u00e9ration entre la Mauritanie et la Croix Rouge dans le domaine judiciaire"},"content":{"rendered":"<p>Le ministre de la justice, M. Dia Moctar Malal, a rencontr\u00e9 mardi matin dans son bureau \u00e0 Nouakchott une mission de la d\u00e9l\u00e9gation du Comit\u00e9 International de la Croix Rouge (CICR) conduite par Mme Rachel Bernard, pr\u00e9sidente de la d\u00e9l\u00e9gation.<\/p>\n<p>La rencontre a \u00e9t\u00e9 l\u2019occasion de passer en revue les domaines de la coop\u00e9ration entre le minist\u00e8re de la justice et cette institution.<\/p>\n<p>L\u2019entrevue s\u2019est d\u00e9roul\u00e9e en pr\u00e9sence du directeur des prisons et des affaires p\u00e9nales, le magistrat Moulaye Abdalla Ould Baba.<\/p>\n","protected":false},"excerpt":{"rendered":"<p>Le ministre de la justice, M. Dia Moctar Malal, a rencontr\u00e9 mardi matin dans son bureau \u00e0 Nouakchott une mission de la d\u00e9l\u00e9gation du Comit\u00e9 International de la Croix Rouge (CICR) conduite par Mme Rachel Bernard, pr\u00e9sidente de la d\u00e9l\u00e9gation<\/p>\n","protected":false},"author":1,"featured_media":162346,"comment_status":"closed","ping_status":"closed","sticky":false,"template":"","format":"standard","meta":{"footnotes":""},"categories":[],"tags":[63990,62476,62747],"class_list":["post-67501","post","type-post","status-publish","format-standard","has-post-thumbnail","hentry","tag-activites-gouvernementales","tag-nouakchott","tag-s_bechire"],"_links":{"self":[{"href":"https:\/\/ami.mr\/fr\/wp-json\/wp\/v2\/posts\/67501","targetHints":{"allow":["GET"]}}],"collection":[{"href":"https:\/\/ami.mr\/fr\/wp-json\/wp\/v2\/posts"}],"about":[{"href":"https:\/\/ami.mr\/fr\/wp-json\/wp\/v2\/types\/post"}],"author":[{"embeddable":true,"href":"https:\/\/ami.mr\/fr\/wp-json\/wp\/v2\/users\/1"}],"replies":[{"embeddable":true,"href":"https:\/\/ami.mr\/fr\/wp-json\/wp\/v2\/comments?post=67501"}],"version-history":[{"count":1,"href":"https:\/\/ami.mr\/fr\/wp-json\/wp\/v2\/posts\/67501\/revisions"}],"predecessor-version":[{"id":162345,"href":"https:\/\/ami.mr\/fr\/wp-json\/wp\/v2\/posts\/67501\/revisions\/162345"}],"wp:featuredmedia":[{"embeddable":true,"href":"https:\/\/ami.mr\/fr\/wp-json\/wp\/v2\/media\/162346"}],"wp:attachment":[{"href":"https:\/\/ami.mr\/fr\/wp-json\/wp\/v2\/media?parent=67501"}],"wp:term":[{"taxonomy":"category","embeddable":true,"href":"https:\/\/ami.mr\/fr\/wp-json\/wp\/v2\/categories?post=67501"},{"taxonomy":"post_tag","embeddable":true,"href":"https:\/\/ami.mr\/fr\/wp-json\/wp\/v2\/tags?post=67501"}],"curies":[{"name":"wp","href":"https:\/\/api.w.org\/{rel}","templated":true}]}}