{"id":67401,"date":"2018-04-19T09:29:08","date_gmt":"2018-04-19T09:29:08","guid":{"rendered":"http:\/\/192.168.64.2\/fr\/index.php\/2018\/04\/19\/retour-a-nouakchott-du-ministre-des-affaires-etrangeres-et-de-la-cooperation-5\/"},"modified":"2022-07-04T17:20:09","modified_gmt":"2022-07-04T17:20:09","slug":"retour-a-nouakchott-du-ministre-des-affaires-etrangeres-et-de-la-cooperation-5","status":"publish","type":"post","link":"https:\/\/ami.mr\/fr\/archives\/67401","title":{"rendered":"Retour \u00e0 Nouakchott du ministre des Affaires Etrang\u00e8res et de la Coop\u00e9ration"},"content":{"rendered":"<p>Le Ministre des Affaires \u00c9trang\u00e8res et de la Coop\u00e9ration, Dr Isselkou Ould Ahmed Izidbih, a regagn\u00e9 Nouakchott hier soir en provenance d\u2019Addis-Abeba, ou il a particip\u00e9 \u00e0 la r\u00e9union minist\u00e9rielle du comit\u00e9 de haut niveau de l\u2019Union Africaine sur la Libye.<\/p>\n<p>Le ministre \u00e9tait accompagn\u00e9, au cours de ce voyage, par une d\u00e9l\u00e9gation comprenant MM : El Arbi Ould Khtour, conseiller du ministre des affaires \u00e9trang\u00e8res et de la coop\u00e9ration ; Jar Ould Inalla, ambassadeur, directeur de la coop\u00e9ration internationale et Mohamed Abdel Aziz, directeur du protocole au m\u00eame d\u00e9partement.<\/p>\n","protected":false},"excerpt":{"rendered":"<p>Le Ministre des Affaires \u00c9trang\u00e8res et de la Coop\u00e9ration, Dr Isselkou Ould Ahmed Izidbih, a regagn\u00e9 Nouakchott hier soir en provenance d\u2019Addis-Abeba, ou il a particip\u00e9 \u00e0 la r\u00e9union minist\u00e9rielle du comit\u00e9 de haut niveau de l\u2019Union Africaine sur la Libye<\/p>\n","protected":false},"author":1,"featured_media":162246,"comment_status":"closed","ping_status":"closed","sticky":false,"template":"","format":"standard","meta":{"footnotes":""},"categories":[],"tags":[63990,62757,62476],"class_list":["post-67401","post","type-post","status-publish","format-standard","has-post-thumbnail","hentry","tag-activites-gouvernementales","tag-nomma","tag-nouakchott"],"_links":{"self":[{"href":"https:\/\/ami.mr\/fr\/wp-json\/wp\/v2\/posts\/67401","targetHints":{"allow":["GET"]}}],"collection":[{"href":"https:\/\/ami.mr\/fr\/wp-json\/wp\/v2\/posts"}],"about":[{"href":"https:\/\/ami.mr\/fr\/wp-json\/wp\/v2\/types\/post"}],"author":[{"embeddable":true,"href":"https:\/\/ami.mr\/fr\/wp-json\/wp\/v2\/users\/1"}],"replies":[{"embeddable":true,"href":"https:\/\/ami.mr\/fr\/wp-json\/wp\/v2\/comments?post=67401"}],"version-history":[{"count":1,"href":"https:\/\/ami.mr\/fr\/wp-json\/wp\/v2\/posts\/67401\/revisions"}],"predecessor-version":[{"id":162245,"href":"https:\/\/ami.mr\/fr\/wp-json\/wp\/v2\/posts\/67401\/revisions\/162245"}],"wp:featuredmedia":[{"embeddable":true,"href":"https:\/\/ami.mr\/fr\/wp-json\/wp\/v2\/media\/162246"}],"wp:attachment":[{"href":"https:\/\/ami.mr\/fr\/wp-json\/wp\/v2\/media?parent=67401"}],"wp:term":[{"taxonomy":"category","embeddable":true,"href":"https:\/\/ami.mr\/fr\/wp-json\/wp\/v2\/categories?post=67401"},{"taxonomy":"post_tag","embeddable":true,"href":"https:\/\/ami.mr\/fr\/wp-json\/wp\/v2\/tags?post=67401"}],"curies":[{"name":"wp","href":"https:\/\/api.w.org\/{rel}","templated":true}]}}