{"id":67317,"date":"2018-04-15T10:56:06","date_gmt":"2018-04-15T10:56:06","guid":{"rendered":"http:\/\/192.168.64.2\/fr\/index.php\/2018\/04\/15\/lancement-de-la-8eme-edition-du-marathon-international-de-nouadhibou\/"},"modified":"2022-07-04T17:17:50","modified_gmt":"2022-07-04T17:17:50","slug":"lancement-de-la-8eme-edition-du-marathon-international-de-nouadhibou","status":"publish","type":"post","link":"https:\/\/ami.mr\/fr\/archives\/67317","title":{"rendered":"Lancement de la 8\u00e8me \u00e9dition du marathon international de Nouadhibou"},"content":{"rendered":"<p>Le ministre de la jeunesse et des sports, M. Mohamed Ould Jibril, a donn\u00e9, dimanche matin, \u00e0 Nouadhibou, le coup d\u2019envoi de la 8\u00e8me \u00e9dition du marathon international de Nouadhibou.<\/p>\n<p>Plus de 2775 concurrents de diverses nationalit\u00e9s arabes, africaines et europ\u00e9ennes participent \u00e0 cette 8\u00e8me \u00e9dition de ce grand rendez-vous sportif annuel.<\/p>\n<p>Le marathon qui a pour ligne de d\u00e9part les locaux de la mairie de Nouadhibou se d\u00e9roule sur trois distances de 21 Km, 10 Km et 5 Km. Cette derni\u00e8re distance est r\u00e9serv\u00e9e aux scolaires.<\/p>\n<p>Le coup d\u2019envoi de cette 8\u00e8me \u00e9dition du marathon a \u00e9t\u00e9 donn\u00e9 en pr\u00e9sence du directeur de cabinet du wali de Dakhlet-Nouadhibou, M. Cheikh Ould El Hacen, du secr\u00e9taire g\u00e9n\u00e9ral de l\u2019Autorit\u00e9 de la Zone Franche de Nouadhibou, M. Jeilany Ould Cheikh, du hakem de la moughataa et du maire de la commune de Nouadhibou ainsi que des autorit\u00e9s militaires et s\u00e9curitaires de la wilaya.<\/p>\n","protected":false},"excerpt":{"rendered":"<p>Le ministre de la jeunesse et des sports, M. Mohamed Ould Jibril, a donn\u00e9, dimanche matin, \u00e0 Nouadhibou, le coup d\u2019envoi de la 8\u00e8me \u00e9dition du marathon international de Nouadhibou.<\/p>\n<p>Plus de 2775 concurrents de diverses nationalit\u00e9s arabes, africaines et<\/p>\n","protected":false},"author":1,"featured_media":162162,"comment_status":"closed","ping_status":"closed","sticky":false,"template":"","format":"standard","meta":{"footnotes":""},"categories":[8672],"tags":[62741,62482],"class_list":["post-67317","post","type-post","status-publish","format-standard","has-post-thumbnail","hentry","category-8672","tag-khweira","tag-nouadhibou"],"_links":{"self":[{"href":"https:\/\/ami.mr\/fr\/wp-json\/wp\/v2\/posts\/67317","targetHints":{"allow":["GET"]}}],"collection":[{"href":"https:\/\/ami.mr\/fr\/wp-json\/wp\/v2\/posts"}],"about":[{"href":"https:\/\/ami.mr\/fr\/wp-json\/wp\/v2\/types\/post"}],"author":[{"embeddable":true,"href":"https:\/\/ami.mr\/fr\/wp-json\/wp\/v2\/users\/1"}],"replies":[{"embeddable":true,"href":"https:\/\/ami.mr\/fr\/wp-json\/wp\/v2\/comments?post=67317"}],"version-history":[{"count":1,"href":"https:\/\/ami.mr\/fr\/wp-json\/wp\/v2\/posts\/67317\/revisions"}],"predecessor-version":[{"id":162161,"href":"https:\/\/ami.mr\/fr\/wp-json\/wp\/v2\/posts\/67317\/revisions\/162161"}],"wp:featuredmedia":[{"embeddable":true,"href":"https:\/\/ami.mr\/fr\/wp-json\/wp\/v2\/media\/162162"}],"wp:attachment":[{"href":"https:\/\/ami.mr\/fr\/wp-json\/wp\/v2\/media?parent=67317"}],"wp:term":[{"taxonomy":"category","embeddable":true,"href":"https:\/\/ami.mr\/fr\/wp-json\/wp\/v2\/categories?post=67317"},{"taxonomy":"post_tag","embeddable":true,"href":"https:\/\/ami.mr\/fr\/wp-json\/wp\/v2\/tags?post=67317"}],"curies":[{"name":"wp","href":"https:\/\/api.w.org\/{rel}","templated":true}]}}