{"id":67117,"date":"2018-04-03T12:26:41","date_gmt":"2018-04-03T12:26:41","guid":{"rendered":"http:\/\/192.168.64.2\/fr\/index.php\/2018\/04\/03\/la-mauritanie-participe-a-tunis-a-la-43eme-reunion-du-groupe-de-la-bid\/"},"modified":"2022-07-04T17:12:13","modified_gmt":"2022-07-04T17:12:13","slug":"la-mauritanie-participe-a-tunis-a-la-43eme-reunion-du-groupe-de-la-bid","status":"publish","type":"post","link":"https:\/\/ami.mr\/fr\/archives\/67117","title":{"rendered":"La Mauritanie participe \u00e0 Tunis \u00e0 la 43\u00e8me r\u00e9union du Groupe de la BID"},"content":{"rendered":"<p>Les travaux de la 43\u00e8me r\u00e9union annuelle du Groupe de la Banque Islamique pour le D\u00e9veloppement (BID) ont d\u00e9marr\u00e9, mardi matin \u00e0 Tunis, sous le th\u00e8me \u00ab partenariat pour le d\u00e9veloppement durable \u00bb.<\/p>\n<p>La Mauritanie est repr\u00e9sent\u00e9e \u00e0 cette importante r\u00e9union par le ministre de l\u2019Economie et des Finances, M. Moctar Ould Diay.<\/p>\n<p>La pr\u00e9sente session sera ax\u00e9e sur la discussion des questions institutionnelles et de d\u00e9veloppement qui font l\u2019objet d\u2019un int\u00e9r\u00eat particulier de la part des Etats membres du Groupe de la BID.<\/p>\n","protected":false},"excerpt":{"rendered":"<p>Les travaux de la 43\u00e8me r\u00e9union annuelle du Groupe de la Banque Islamique pour le D\u00e9veloppement (BID) ont d\u00e9marr\u00e9, mardi matin \u00e0 Tunis, sous le th\u00e8me \u00ab partenariat pour le d\u00e9veloppement durable \u00bb<\/p>\n","protected":false},"author":1,"featured_media":161962,"comment_status":"closed","ping_status":"closed","sticky":false,"template":"","format":"standard","meta":{"footnotes":""},"categories":[],"tags":[63990,62741,62476],"class_list":["post-67117","post","type-post","status-publish","format-standard","has-post-thumbnail","hentry","tag-activites-gouvernementales","tag-khweira","tag-nouakchott"],"_links":{"self":[{"href":"https:\/\/ami.mr\/fr\/wp-json\/wp\/v2\/posts\/67117","targetHints":{"allow":["GET"]}}],"collection":[{"href":"https:\/\/ami.mr\/fr\/wp-json\/wp\/v2\/posts"}],"about":[{"href":"https:\/\/ami.mr\/fr\/wp-json\/wp\/v2\/types\/post"}],"author":[{"embeddable":true,"href":"https:\/\/ami.mr\/fr\/wp-json\/wp\/v2\/users\/1"}],"replies":[{"embeddable":true,"href":"https:\/\/ami.mr\/fr\/wp-json\/wp\/v2\/comments?post=67117"}],"version-history":[{"count":1,"href":"https:\/\/ami.mr\/fr\/wp-json\/wp\/v2\/posts\/67117\/revisions"}],"predecessor-version":[{"id":161961,"href":"https:\/\/ami.mr\/fr\/wp-json\/wp\/v2\/posts\/67117\/revisions\/161961"}],"wp:featuredmedia":[{"embeddable":true,"href":"https:\/\/ami.mr\/fr\/wp-json\/wp\/v2\/media\/161962"}],"wp:attachment":[{"href":"https:\/\/ami.mr\/fr\/wp-json\/wp\/v2\/media?parent=67117"}],"wp:term":[{"taxonomy":"category","embeddable":true,"href":"https:\/\/ami.mr\/fr\/wp-json\/wp\/v2\/categories?post=67117"},{"taxonomy":"post_tag","embeddable":true,"href":"https:\/\/ami.mr\/fr\/wp-json\/wp\/v2\/tags?post=67117"}],"curies":[{"name":"wp","href":"https:\/\/api.w.org\/{rel}","templated":true}]}}