{"id":66915,"date":"2018-03-24T11:03:03","date_gmt":"2018-03-24T11:03:03","guid":{"rendered":"http:\/\/192.168.64.2\/fr\/index.php\/2018\/03\/24\/le-president-de-la-republique-felicite-son-homologue-grec-4\/"},"modified":"2022-07-04T17:07:00","modified_gmt":"2022-07-04T17:07:00","slug":"le-president-de-la-republique-felicite-son-homologue-grec-4","status":"publish","type":"post","link":"https:\/\/ami.mr\/fr\/archives\/66915","title":{"rendered":"Le Pr\u00e9sident de la R\u00e9publique f\u00e9licite son homologue grec"},"content":{"rendered":"<p>Le Pr\u00e9sident de la R\u00e9publique, Son Excellence Monsieur Mohamed Ould Abdel Aziz, a adress\u00e9 un message de f\u00e9licitations, qui suit \u00e0 son Excellence Monsieur Prokopis Pavlopoulos, Pr\u00e9sident de la R\u00e9publique de Gr\u00e8ce, \u00e0 l&#8217;occasion de la f\u00eate nationale de son pays : <\/p>\n<p>&#8221; Excellence,<br \/>\nA l&#8217;occasion de la c\u00e9l\u00e9bration par la R\u00e9publique hell\u00e9nique de sa f\u00eate nationale, il m&#8217;est agr\u00e9able de vous exprimer mes sinc\u00e8res f\u00e9licitations ainsi que mes meilleurs v\u0153ux de sant\u00e9 et de bonheur pour vous-m\u00eame, de progr\u00e8s et de prosp\u00e9rit\u00e9 pour le peuple grec ami. <\/p>\n<p>Je voudrais \u00e9galement vous r\u00e9it\u00e9rer notre volont\u00e9 de continuer d&#8217;\u0153uvrer pour renforcer et d\u00e9velopper les relations de coop\u00e9ration existant entre nos deux pays dans l&#8217;int\u00e9r\u00eat de nos deux peuples amis.<br \/>\nVeuillez agr\u00e9er, Excellence, l&#8217;expression de ma tr\u00e8s haute consid\u00e9ration. <\/p>\n<p>Mohamed Ould Abdel Aziz&#8221;<\/p>\n","protected":false},"excerpt":{"rendered":"<p>Le Pr\u00e9sident de la R\u00e9publique, Son Excellence Monsieur Mohamed Ould Abdel Aziz, a adress\u00e9 un message de f\u00e9licitations, qui suit \u00e0 son Excellence Monsieur Prokopis Pavlopoulos, Pr\u00e9<\/p>\n","protected":false},"author":1,"featured_media":161760,"comment_status":"closed","ping_status":"closed","sticky":false,"template":"","format":"standard","meta":{"footnotes":""},"categories":[],"tags":[63991,63109,62476],"class_list":["post-66915","post","type-post","status-publish","format-standard","has-post-thumbnail","hentry","tag-activites-presidentielles","tag-ahmedabd","tag-nouakchott"],"_links":{"self":[{"href":"https:\/\/ami.mr\/fr\/wp-json\/wp\/v2\/posts\/66915","targetHints":{"allow":["GET"]}}],"collection":[{"href":"https:\/\/ami.mr\/fr\/wp-json\/wp\/v2\/posts"}],"about":[{"href":"https:\/\/ami.mr\/fr\/wp-json\/wp\/v2\/types\/post"}],"author":[{"embeddable":true,"href":"https:\/\/ami.mr\/fr\/wp-json\/wp\/v2\/users\/1"}],"replies":[{"embeddable":true,"href":"https:\/\/ami.mr\/fr\/wp-json\/wp\/v2\/comments?post=66915"}],"version-history":[{"count":1,"href":"https:\/\/ami.mr\/fr\/wp-json\/wp\/v2\/posts\/66915\/revisions"}],"predecessor-version":[{"id":161759,"href":"https:\/\/ami.mr\/fr\/wp-json\/wp\/v2\/posts\/66915\/revisions\/161759"}],"wp:featuredmedia":[{"embeddable":true,"href":"https:\/\/ami.mr\/fr\/wp-json\/wp\/v2\/media\/161760"}],"wp:attachment":[{"href":"https:\/\/ami.mr\/fr\/wp-json\/wp\/v2\/media?parent=66915"}],"wp:term":[{"taxonomy":"category","embeddable":true,"href":"https:\/\/ami.mr\/fr\/wp-json\/wp\/v2\/categories?post=66915"},{"taxonomy":"post_tag","embeddable":true,"href":"https:\/\/ami.mr\/fr\/wp-json\/wp\/v2\/tags?post=66915"}],"curies":[{"name":"wp","href":"https:\/\/api.w.org\/{rel}","templated":true}]}}