{"id":66810,"date":"2018-03-19T19:12:21","date_gmt":"2018-03-19T19:12:21","guid":{"rendered":"http:\/\/192.168.64.2\/fr\/index.php\/2018\/03\/19\/signature-dune-convention-dentente-entre-des-etablissements-denseignement-islamique-et-al-azhar\/"},"modified":"2022-07-04T17:04:14","modified_gmt":"2022-07-04T17:04:14","slug":"signature-dune-convention-dentente-entre-des-etablissements-denseignement-islamique-et-al-azhar","status":"publish","type":"post","link":"https:\/\/ami.mr\/fr\/archives\/66810","title":{"rendered":"Signature d\u2019une convention d\u2019entente entre des \u00e9tablissements d\u2019enseignement islamique et Al-Azhar"},"content":{"rendered":"<p>L\u2019Universit\u00e9 islamique d\u2019A\u00efoun, l\u2019Institut sup\u00e9rieur d\u2019Etudes et de Recherches Islamiques (ISERI) et l\u2019Universit\u00e9 d\u2019Al-Azhar Echerif ont proc\u00e9d\u00e9, aujourd\u2019hui lundi au Palais des congr\u00e8s \u00e0 Nouakchott, \u00e0 la signature de deux conventions d\u2019entente dans le domaine de l\u2019enseignement et de la recherche scientifique.<\/p>\n<p>Les conventions en question ont \u00e9t\u00e9 sign\u00e9 c\u00f4t\u00e9 mauritanien par M. Mohamed El Mamoune Meynehna, recteur de l\u2019Universit\u00e9 islamique d\u2019A\u00efoun, et Dr Mohamed El hadi Ould Taleb, directeur de l\u2019ISERI, et c\u00f4t\u00e9 \u00e9gyptien par Dr El Mihrassaoui, recteur de l\u2019Universit\u00e9 d\u2019Al-Azhar Echerif.<\/p>\n<p>Par ailleurs, le ministre des Affaires islamiques et de l\u2019Enseignement originel, M. Ahmed Ould Ehl Daoud, a soulign\u00e9 la qualit\u00e9 des interventions et des \u00e9changes qui ont marqu\u00e9 la rencontre et remerci\u00e9 les Ul\u00e9mas pour leur riche apport qui a contribu\u00e9 au rehaussement des expos\u00e9s et de la qualit\u00e9 du communiqu\u00e9 final.<\/p>\n<p>Le ministre a indiqu\u00e9 que les approch\u00e9s d\u00e9velopp\u00e9es en mati\u00e8re de lutte contre l\u2019extr\u00e9misme et toutes les formes de d\u00e9viance et de violence dans les deux pays constituent un axe majeur de la coop\u00e9ration bilat\u00e9rale, sur la base des instructions de leurs Excellences les pr\u00e9sidents Messieurs Mohamed Ould Abdel Aziz et Abdel Vettah Essissi.<\/p>\n<p>La c\u00e9r\u00e9monie de signature des conventions s\u2019est d\u00e9roul\u00e9e en pr\u00e9sence de SEM. Majed Navee, ambassadeur d\u2019Egypte en Mauritanie et de responsables au minist\u00e8re des Affaires islamiques et de l\u2019Enseignement originel.<\/p>\n","protected":false},"excerpt":{"rendered":"<p>L\u2019Universit\u00e9 islamique d\u2019A\u00efoun, l\u2019Institut sup\u00e9rieur d\u2019Etudes et de Recherches Islamiques (ISERI) et l\u2019Universit\u00e9 d\u2019Al-Azhar Echerif ont proc\u00e9d\u00e9, aujourd\u2019hui lundi au Palais des congr\u00e8s \u00e0 Nouakchott, \u00e0 la signature de deux conventions d\u2019entente dans le do<\/p>\n","protected":false},"author":1,"featured_media":161655,"comment_status":"closed","ping_status":"closed","sticky":false,"template":"","format":"standard","meta":{"footnotes":""},"categories":[104],"tags":[62476,62753],"class_list":["post-66810","post","type-post","status-publish","format-standard","has-post-thumbnail","hentry","category-104","tag-nouakchott","tag-rabani"],"_links":{"self":[{"href":"https:\/\/ami.mr\/fr\/wp-json\/wp\/v2\/posts\/66810","targetHints":{"allow":["GET"]}}],"collection":[{"href":"https:\/\/ami.mr\/fr\/wp-json\/wp\/v2\/posts"}],"about":[{"href":"https:\/\/ami.mr\/fr\/wp-json\/wp\/v2\/types\/post"}],"author":[{"embeddable":true,"href":"https:\/\/ami.mr\/fr\/wp-json\/wp\/v2\/users\/1"}],"replies":[{"embeddable":true,"href":"https:\/\/ami.mr\/fr\/wp-json\/wp\/v2\/comments?post=66810"}],"version-history":[{"count":1,"href":"https:\/\/ami.mr\/fr\/wp-json\/wp\/v2\/posts\/66810\/revisions"}],"predecessor-version":[{"id":161654,"href":"https:\/\/ami.mr\/fr\/wp-json\/wp\/v2\/posts\/66810\/revisions\/161654"}],"wp:featuredmedia":[{"embeddable":true,"href":"https:\/\/ami.mr\/fr\/wp-json\/wp\/v2\/media\/161655"}],"wp:attachment":[{"href":"https:\/\/ami.mr\/fr\/wp-json\/wp\/v2\/media?parent=66810"}],"wp:term":[{"taxonomy":"category","embeddable":true,"href":"https:\/\/ami.mr\/fr\/wp-json\/wp\/v2\/categories?post=66810"},{"taxonomy":"post_tag","embeddable":true,"href":"https:\/\/ami.mr\/fr\/wp-json\/wp\/v2\/tags?post=66810"}],"curies":[{"name":"wp","href":"https:\/\/api.w.org\/{rel}","templated":true}]}}