{"id":66808,"date":"2018-03-19T18:25:35","date_gmt":"2018-03-19T18:25:35","guid":{"rendered":"http:\/\/192.168.64.2\/fr\/index.php\/2018\/03\/19\/le-ministre-de-leconomie-recoit-la-directrice-de-la-commission-economique-de-lonu\/"},"modified":"2022-07-04T17:04:11","modified_gmt":"2022-07-04T17:04:11","slug":"le-ministre-de-leconomie-recoit-la-directrice-de-la-commission-economique-de-lonu","status":"publish","type":"post","link":"https:\/\/ami.mr\/fr\/archives\/66808","title":{"rendered":"Le ministre de l\u2019Economie re\u00e7oit la directrice de la Commission \u00e9conomique de l\u2019ONU"},"content":{"rendered":"<p>Le ministre de l\u2019Economie et des Finances, M. El Moctar Ould Djaye, a tenu, lundi matin dans son bureau, une s\u00e9ance de travail avec Mme Lilia Hachem Naas, directrice de la Commission \u00e9conomique de l\u2019ONU en Afrique du Nord (Maghreb arabe, Egypte et Soudan).<\/p>\n<p>Au cours de cette rencontre, il a \u00e9t\u00e9 question de la coop\u00e9ration existant entre la Mauritanie et cette commission onusienne, et des voies et moyens de les d\u00e9velopper davantage.<\/p>\n<p>L\u2019entretien s\u2019est d\u00e9roul\u00e9 en pr\u00e9sence du conseiller du ministre charg\u00e9 de la communication, M. Ahmed Ould Mohamedou, de la directrice g\u00e9n\u00e9rale des politiques et strat\u00e9gies de d\u00e9veloppement, Mme Ma\u00efmouna Ahmed Salem Yehdhih, du coordinateur de la strat\u00e9gie de d\u00e9veloppement acc\u00e9l\u00e9r\u00e9 et de la prosp\u00e9rit\u00e9 partag\u00e9e, M. Sidi Mohamed Ould Zenvour.<\/p>\n","protected":false},"excerpt":{"rendered":"<p>Le ministre de l\u2019Economie et des Finances, M. El Moctar Ould Djaye, a tenu, lundi matin dans son bureau, une s\u00e9ance de travail avec Mme Lilia Hachem Naas, directrice de la Commission \u00e9conomique de l\u2019ONU en Afrique du Nord (Maghreb arabe, Egypte et Soudan)<\/p>\n","protected":false},"author":1,"featured_media":161653,"comment_status":"closed","ping_status":"closed","sticky":false,"template":"","format":"standard","meta":{"footnotes":""},"categories":[],"tags":[63990,62476,62753],"class_list":["post-66808","post","type-post","status-publish","format-standard","has-post-thumbnail","hentry","tag-activites-gouvernementales","tag-nouakchott","tag-rabani"],"_links":{"self":[{"href":"https:\/\/ami.mr\/fr\/wp-json\/wp\/v2\/posts\/66808","targetHints":{"allow":["GET"]}}],"collection":[{"href":"https:\/\/ami.mr\/fr\/wp-json\/wp\/v2\/posts"}],"about":[{"href":"https:\/\/ami.mr\/fr\/wp-json\/wp\/v2\/types\/post"}],"author":[{"embeddable":true,"href":"https:\/\/ami.mr\/fr\/wp-json\/wp\/v2\/users\/1"}],"replies":[{"embeddable":true,"href":"https:\/\/ami.mr\/fr\/wp-json\/wp\/v2\/comments?post=66808"}],"version-history":[{"count":1,"href":"https:\/\/ami.mr\/fr\/wp-json\/wp\/v2\/posts\/66808\/revisions"}],"predecessor-version":[{"id":161652,"href":"https:\/\/ami.mr\/fr\/wp-json\/wp\/v2\/posts\/66808\/revisions\/161652"}],"wp:featuredmedia":[{"embeddable":true,"href":"https:\/\/ami.mr\/fr\/wp-json\/wp\/v2\/media\/161653"}],"wp:attachment":[{"href":"https:\/\/ami.mr\/fr\/wp-json\/wp\/v2\/media?parent=66808"}],"wp:term":[{"taxonomy":"category","embeddable":true,"href":"https:\/\/ami.mr\/fr\/wp-json\/wp\/v2\/categories?post=66808"},{"taxonomy":"post_tag","embeddable":true,"href":"https:\/\/ami.mr\/fr\/wp-json\/wp\/v2\/tags?post=66808"}],"curies":[{"name":"wp","href":"https:\/\/api.w.org\/{rel}","templated":true}]}}