{"id":66806,"date":"2018-03-19T17:35:40","date_gmt":"2018-03-19T17:35:40","guid":{"rendered":"http:\/\/192.168.64.2\/fr\/index.php\/2018\/03\/19\/la-ministre-du-commerce-recoit-lambassadeur-de-france-7\/"},"modified":"2022-07-04T17:04:07","modified_gmt":"2022-07-04T17:04:07","slug":"la-ministre-du-commerce-recoit-lambassadeur-de-france-7","status":"publish","type":"post","link":"https:\/\/ami.mr\/fr\/archives\/66806","title":{"rendered":"La ministre du Commerce re\u00e7oit l\u2019ambassadeur de France"},"content":{"rendered":"<p>La ministre du Commerce, de l\u2019Industrie et du Tourisme, Mme Naha Mint Hamdy Ould Moknass, a re\u00e7u, lundi matin dans son bureau, SEM Jo\u00ebl Mayer, ambassadeur de France accr\u00e9dit\u00e9 en Mauritanie.<\/p>\n<p>Au cours de cette rencontre, il a \u00e9t\u00e9 question des relations de coop\u00e9ration liant les deux pays, et des voies et moyens de les d\u00e9velopper davantage, notamment dans les domaines d\u2019intervention du d\u00e9partement du Commerce, de l\u2019Industrie et du Tourisme.<\/p>\n<p>L\u2019entrevue s\u2019est d\u00e9roul\u00e9e en pr\u00e9sence de M. Mohamed ABdellahi Ould Ethmane, par int\u00e9rim secr\u00e9taire g\u00e9n\u00e9ral du minist\u00e8re.<\/p>\n","protected":false},"excerpt":{"rendered":"<p>La ministre du Commerce, de l\u2019Industrie et du Tourisme, Mme Naha Mint Hamdy Ould Moknass, a re\u00e7u, lundi matin dans son bureau, SEM Jo\u00ebl Mayer, ambassadeur de France accr\u00e9dit\u00e9 en Mauritanie<\/p>\n","protected":false},"author":1,"featured_media":161651,"comment_status":"closed","ping_status":"closed","sticky":false,"template":"","format":"standard","meta":{"footnotes":""},"categories":[],"tags":[63990,62476,62753],"class_list":["post-66806","post","type-post","status-publish","format-standard","has-post-thumbnail","hentry","tag-activites-gouvernementales","tag-nouakchott","tag-rabani"],"_links":{"self":[{"href":"https:\/\/ami.mr\/fr\/wp-json\/wp\/v2\/posts\/66806","targetHints":{"allow":["GET"]}}],"collection":[{"href":"https:\/\/ami.mr\/fr\/wp-json\/wp\/v2\/posts"}],"about":[{"href":"https:\/\/ami.mr\/fr\/wp-json\/wp\/v2\/types\/post"}],"author":[{"embeddable":true,"href":"https:\/\/ami.mr\/fr\/wp-json\/wp\/v2\/users\/1"}],"replies":[{"embeddable":true,"href":"https:\/\/ami.mr\/fr\/wp-json\/wp\/v2\/comments?post=66806"}],"version-history":[{"count":1,"href":"https:\/\/ami.mr\/fr\/wp-json\/wp\/v2\/posts\/66806\/revisions"}],"predecessor-version":[{"id":161650,"href":"https:\/\/ami.mr\/fr\/wp-json\/wp\/v2\/posts\/66806\/revisions\/161650"}],"wp:featuredmedia":[{"embeddable":true,"href":"https:\/\/ami.mr\/fr\/wp-json\/wp\/v2\/media\/161651"}],"wp:attachment":[{"href":"https:\/\/ami.mr\/fr\/wp-json\/wp\/v2\/media?parent=66806"}],"wp:term":[{"taxonomy":"category","embeddable":true,"href":"https:\/\/ami.mr\/fr\/wp-json\/wp\/v2\/categories?post=66806"},{"taxonomy":"post_tag","embeddable":true,"href":"https:\/\/ami.mr\/fr\/wp-json\/wp\/v2\/tags?post=66806"}],"curies":[{"name":"wp","href":"https:\/\/api.w.org\/{rel}","templated":true}]}}