{"id":66804,"date":"2018-03-19T17:23:33","date_gmt":"2018-03-19T17:23:33","guid":{"rendered":"http:\/\/192.168.64.2\/fr\/index.php\/2018\/03\/19\/le-president-de-la-republique-recoit-le-president-et-les-membres-du-bureau-executif-du-patronat-mauritanien\/"},"modified":"2022-07-04T17:04:05","modified_gmt":"2022-07-04T17:04:05","slug":"le-president-de-la-republique-recoit-le-president-et-les-membres-du-bureau-executif-du-patronat-mauritanien","status":"publish","type":"post","link":"https:\/\/ami.mr\/fr\/archives\/66804","title":{"rendered":"Le Pr\u00e9sident de la R\u00e9publique re\u00e7oit le pr\u00e9sident et les membres du bureau ex\u00e9cutif du patronat mauritanien"},"content":{"rendered":"<p>Le Pr\u00e9sident de la R\u00e9publique, Monsieur Mohamed Ould Abdel Aziz, a re\u00e7u, en audience, lundi au palais pr\u00e9sidentiel \u00e0 Nouakchott, le pr\u00e9sident du patronat, M. Zein El Abidine Ould Cheikh Ahmed, et des membres du bureau ex\u00e9cutif de cette institution.<\/p>\n<p>A sa sortie d\u2019audience, le pr\u00e9sident du Patronat, a fait la d\u00e9claration suivante \u00e0 l\u2019Agence Mauritanienne d\u2019Information (AMI) :<\/p>\n<p>&#8220;Le Bureau Ex\u00e9cutif de la F\u00e9d\u00e9ration Nationale des Employeurs Mauritaniens a eu l&#8217;honneur, aujourd\u2019hui, de rencontrer Son Excellence le Pr\u00e9sident de la R\u00e9publique, auquel il a remis les r\u00e9sultats des journ\u00e9es consultatives organis\u00e9es le mois dernier, par la f\u00e9d\u00e9ration en partenariat avec le gouvernement.<\/p>\n<p>L\u2019entrevue a port\u00e9 sur les r\u00e9sultats exceptionnels obtenus par la Mauritanie dans le domaine de l&#8217;am\u00e9lioration et du d\u00e9veloppement du climat des affaires en un court laps de temps, dans un contexte de s\u00e9curit\u00e9, de stabilit\u00e9 et de paix sociale.<\/p>\n<p>La rencontre a \u00e9t\u00e9 l\u2019occasion d\u2019informer le Chef de l\u2019Etat sur les efforts appr\u00e9ciables fournis par le bureau en vue de dynamiser les structures de la f\u00e9d\u00e9ration et sur les actions engag\u00e9es en faveur du renforcement de la coop\u00e9ration avec les partenaires.<\/p>\n<p>L\u2019audience s\u2019est d\u00e9roul\u00e9e en pr\u00e9sence du ministre de l\u2019Economie et des Finances, M. El Moctar Ould Djaye, la ministre du Commerce, de l\u2019Industrie et du Tourisme, Mme Naha Mint Hamdy Ould Moknass, et le directeur de Cabinet du Pr\u00e9sident de la R\u00e9publique, M. Ahmed Ould Bahiya.<\/p>\n","protected":false},"excerpt":{"rendered":"<p>Le Pr\u00e9sident de la R\u00e9publique, Monsieur Mohamed Ould Abdel Aziz, a re\u00e7u, en audience, lundi au palais pr\u00e9sidentiel \u00e0 Nouakchott, le pr\u00e9sident du patronat, M. Zein El Abidine Ould Cheikh Ahmed, et des membres du bureau ex\u00e9cutif de cette institution<\/p>\n","protected":false},"author":1,"featured_media":161649,"comment_status":"closed","ping_status":"closed","sticky":false,"template":"","format":"standard","meta":{"footnotes":""},"categories":[],"tags":[63991,62476,62753],"class_list":["post-66804","post","type-post","status-publish","format-standard","has-post-thumbnail","hentry","tag-activites-presidentielles","tag-nouakchott","tag-rabani"],"_links":{"self":[{"href":"https:\/\/ami.mr\/fr\/wp-json\/wp\/v2\/posts\/66804","targetHints":{"allow":["GET"]}}],"collection":[{"href":"https:\/\/ami.mr\/fr\/wp-json\/wp\/v2\/posts"}],"about":[{"href":"https:\/\/ami.mr\/fr\/wp-json\/wp\/v2\/types\/post"}],"author":[{"embeddable":true,"href":"https:\/\/ami.mr\/fr\/wp-json\/wp\/v2\/users\/1"}],"replies":[{"embeddable":true,"href":"https:\/\/ami.mr\/fr\/wp-json\/wp\/v2\/comments?post=66804"}],"version-history":[{"count":1,"href":"https:\/\/ami.mr\/fr\/wp-json\/wp\/v2\/posts\/66804\/revisions"}],"predecessor-version":[{"id":161648,"href":"https:\/\/ami.mr\/fr\/wp-json\/wp\/v2\/posts\/66804\/revisions\/161648"}],"wp:featuredmedia":[{"embeddable":true,"href":"https:\/\/ami.mr\/fr\/wp-json\/wp\/v2\/media\/161649"}],"wp:attachment":[{"href":"https:\/\/ami.mr\/fr\/wp-json\/wp\/v2\/media?parent=66804"}],"wp:term":[{"taxonomy":"category","embeddable":true,"href":"https:\/\/ami.mr\/fr\/wp-json\/wp\/v2\/categories?post=66804"},{"taxonomy":"post_tag","embeddable":true,"href":"https:\/\/ami.mr\/fr\/wp-json\/wp\/v2\/tags?post=66804"}],"curies":[{"name":"wp","href":"https:\/\/api.w.org\/{rel}","templated":true}]}}