{"id":66802,"date":"2018-03-19T13:56:37","date_gmt":"2018-03-19T13:56:37","guid":{"rendered":"http:\/\/192.168.64.2\/fr\/index.php\/2018\/03\/19\/le-ministre-de-lenseignement-superieur-recoit-la-chargee-daffaires-de-lambassade-allemande\/"},"modified":"2022-07-04T17:04:02","modified_gmt":"2022-07-04T17:04:02","slug":"le-ministre-de-lenseignement-superieur-recoit-la-chargee-daffaires-de-lambassade-allemande","status":"publish","type":"post","link":"https:\/\/ami.mr\/fr\/archives\/66802","title":{"rendered":"Le ministre de l\u2019Enseignement sup\u00e9rieur re\u00e7oit la Charg\u00e9e d\u2019Affaires de l\u2019Ambassade allemande"},"content":{"rendered":"<p>Le ministre de l\u2019Enseignement Sup\u00e9rieur et de la Recherche scientifique, Dr Sidi Ould Salem, a re\u00e7u en audience, lundi, \u00e0 Nouakchott, Mme Annette Coly, Charg\u00e9e d\u2019Affaires de l\u2019ambassade allemande en Mauritanie.<\/p>\n<p>La rencontre a permis de passer en revue les relations de coop\u00e9ration existant entre la Mauritanie et l\u2019Allemagne dans le domaine de l\u2019enseignement sup\u00e9rieur et de la recherche scientifique et les voies et moyens de les d\u00e9velopper davantage.<\/p>\n","protected":false},"excerpt":{"rendered":"<p>Le ministre de l\u2019Enseignement Sup\u00e9rieur et de la Recherche scientifique, Dr Sidi Ould Salem, a re\u00e7u en audience, lundi, \u00e0 Nouakchott, Mme Annette Coly, Charg\u00e9e d\u2019Affaires de l\u2019ambassade allemande en Mauritanie<\/p>\n","protected":false},"author":1,"featured_media":161647,"comment_status":"closed","ping_status":"closed","sticky":false,"template":"","format":"standard","meta":{"footnotes":""},"categories":[],"tags":[63990,62741,62476],"class_list":["post-66802","post","type-post","status-publish","format-standard","has-post-thumbnail","hentry","tag-activites-gouvernementales","tag-khweira","tag-nouakchott"],"_links":{"self":[{"href":"https:\/\/ami.mr\/fr\/wp-json\/wp\/v2\/posts\/66802","targetHints":{"allow":["GET"]}}],"collection":[{"href":"https:\/\/ami.mr\/fr\/wp-json\/wp\/v2\/posts"}],"about":[{"href":"https:\/\/ami.mr\/fr\/wp-json\/wp\/v2\/types\/post"}],"author":[{"embeddable":true,"href":"https:\/\/ami.mr\/fr\/wp-json\/wp\/v2\/users\/1"}],"replies":[{"embeddable":true,"href":"https:\/\/ami.mr\/fr\/wp-json\/wp\/v2\/comments?post=66802"}],"version-history":[{"count":1,"href":"https:\/\/ami.mr\/fr\/wp-json\/wp\/v2\/posts\/66802\/revisions"}],"predecessor-version":[{"id":161646,"href":"https:\/\/ami.mr\/fr\/wp-json\/wp\/v2\/posts\/66802\/revisions\/161646"}],"wp:featuredmedia":[{"embeddable":true,"href":"https:\/\/ami.mr\/fr\/wp-json\/wp\/v2\/media\/161647"}],"wp:attachment":[{"href":"https:\/\/ami.mr\/fr\/wp-json\/wp\/v2\/media?parent=66802"}],"wp:term":[{"taxonomy":"category","embeddable":true,"href":"https:\/\/ami.mr\/fr\/wp-json\/wp\/v2\/categories?post=66802"},{"taxonomy":"post_tag","embeddable":true,"href":"https:\/\/ami.mr\/fr\/wp-json\/wp\/v2\/tags?post=66802"}],"curies":[{"name":"wp","href":"https:\/\/api.w.org\/{rel}","templated":true}]}}