{"id":66796,"date":"2018-03-19T12:23:33","date_gmt":"2018-03-19T12:23:33","guid":{"rendered":"http:\/\/192.168.64.2\/fr\/index.php\/2018\/03\/19\/le-president-de-la-republique-adresse-un-message-de-felicitations-a-son-homologue-tunisien-2\/"},"modified":"2022-07-04T17:03:53","modified_gmt":"2022-07-04T17:03:53","slug":"le-president-de-la-republique-adresse-un-message-de-felicitations-a-son-homologue-tunisien-2","status":"publish","type":"post","link":"https:\/\/ami.mr\/fr\/archives\/66796","title":{"rendered":"Le Pr\u00e9sident de la R\u00e9publique adresse un message de f\u00e9licitations \u00e0 son homologue tunisien"},"content":{"rendered":"<p>Le Pr\u00e9sident de la R\u00e9publique, Monsieur Mohamed Ould Abdel Aziz, a adress\u00e9 le message de f\u00e9licitations qui suit \u00e0 Son Excellence Monsieur B\u00e9ji Ca\u00efd Essebsi, Pr\u00e9sident de la R\u00e9publique de Tunisie :<\/p>\n<p>\u00ab Excellence et Cher Fr\u00e8re,<\/p>\n<p>A l\u2019occasion de la c\u00e9l\u00e9bration par la R\u00e9publique de Tunisie s\u0153ur de sa f\u00eate nationale, il m\u2019est agr\u00e9able de vous exprimer mes chaleureuses f\u00e9licitations et mes meilleurs v\u0153ux de sant\u00e9 pour Votre Excellence et de davantage de progr\u00e8s et de prosp\u00e9rit\u00e9 pour le peuple tunisien fr\u00e8re.<\/p>\n<p>Je vous r\u00e9it\u00e8re \u00e9galement notre volont\u00e9 de poursuivre les efforts pour renforcer et d\u00e9velopper les relations de fraternit\u00e9 et de coop\u00e9ration existant entre nos deux pays dans l\u2019int\u00e9r\u00eat de nos deux peuples fr\u00e8res.<\/p>\n<p>Je vous prie d\u2019agr\u00e9er, Excellence et Cher Fr\u00e8re, l\u2019expression de ma tr\u00e8s haute consid\u00e9ration.<\/p>\n<p>Votre fr\u00e8re Mohamed Ould Abdel Aziz\u00bb.<\/p>\n","protected":false},"excerpt":{"rendered":"<p>Le Pr\u00e9sident de la R\u00e9publique, Monsieur Mohamed Ould Abdel Aziz, a adress\u00e9 le message de f\u00e9licitations qui suit \u00e0 Son Excellence Monsieur B\u00e9ji Ca\u00efd Essebsi, Pr\u00e9sident de la R\u00e9publi<\/p>\n","protected":false},"author":1,"featured_media":161641,"comment_status":"closed","ping_status":"closed","sticky":false,"template":"","format":"standard","meta":{"footnotes":""},"categories":[],"tags":[63991,62741,62476],"class_list":["post-66796","post","type-post","status-publish","format-standard","has-post-thumbnail","hentry","tag-activites-presidentielles","tag-khweira","tag-nouakchott"],"_links":{"self":[{"href":"https:\/\/ami.mr\/fr\/wp-json\/wp\/v2\/posts\/66796","targetHints":{"allow":["GET"]}}],"collection":[{"href":"https:\/\/ami.mr\/fr\/wp-json\/wp\/v2\/posts"}],"about":[{"href":"https:\/\/ami.mr\/fr\/wp-json\/wp\/v2\/types\/post"}],"author":[{"embeddable":true,"href":"https:\/\/ami.mr\/fr\/wp-json\/wp\/v2\/users\/1"}],"replies":[{"embeddable":true,"href":"https:\/\/ami.mr\/fr\/wp-json\/wp\/v2\/comments?post=66796"}],"version-history":[{"count":1,"href":"https:\/\/ami.mr\/fr\/wp-json\/wp\/v2\/posts\/66796\/revisions"}],"predecessor-version":[{"id":161640,"href":"https:\/\/ami.mr\/fr\/wp-json\/wp\/v2\/posts\/66796\/revisions\/161640"}],"wp:featuredmedia":[{"embeddable":true,"href":"https:\/\/ami.mr\/fr\/wp-json\/wp\/v2\/media\/161641"}],"wp:attachment":[{"href":"https:\/\/ami.mr\/fr\/wp-json\/wp\/v2\/media?parent=66796"}],"wp:term":[{"taxonomy":"category","embeddable":true,"href":"https:\/\/ami.mr\/fr\/wp-json\/wp\/v2\/categories?post=66796"},{"taxonomy":"post_tag","embeddable":true,"href":"https:\/\/ami.mr\/fr\/wp-json\/wp\/v2\/tags?post=66796"}],"curies":[{"name":"wp","href":"https:\/\/api.w.org\/{rel}","templated":true}]}}