{"id":66795,"date":"2018-03-19T12:00:40","date_gmt":"2018-03-19T12:00:40","guid":{"rendered":"http:\/\/192.168.64.2\/fr\/index.php\/2018\/03\/19\/de-retour-de-venise-le-president-du-conseil-constitutionnel-regagne-nouakchott\/"},"modified":"2022-07-04T17:03:52","modified_gmt":"2022-07-04T17:03:52","slug":"de-retour-de-venise-le-president-du-conseil-constitutionnel-regagne-nouakchott","status":"publish","type":"post","link":"https:\/\/ami.mr\/fr\/archives\/66795","title":{"rendered":"De retour de Venise, le pr\u00e9sident du Conseil Constitutionnel regagne Nouakchott"},"content":{"rendered":"<p>Le pr\u00e9sident du Conseil Constitutionnel, Me Sghair Ould M\u2019Bareck a regagn\u00e9 Nouakchott, dimanche soir, en provenance de Venise (Italie) o\u00f9 il a repr\u00e9sent\u00e9 notre pays aux r\u00e9unions du bureau ex\u00e9cutif de la conf\u00e9rence Mondiale sur la Justice Constitutionnelle et de la Commission de V\u00e9nise.<\/p>\n<p>La rencontre a port\u00e9 sur des s\u00e9ances de discussion des groupes linguistiques, dont le groupe arabe, pr\u00e9sid\u00e9 par notre pays. Il a \u00e9t\u00e9 d\u00e9cid\u00e9 de tenir la prochaine r\u00e9union du bureau ex\u00e9cutif \u00e0 la r\u00e9publique de Dominique en f\u00e9vrier 2019.<\/p>\n<p>En sa qualit\u00e9 de pr\u00e9sident du groupe arabe, le pr\u00e9sident du Conseil Constitutionnel a pr\u00e9sent\u00e9 un expos\u00e9 d\u00e9taill\u00e9 sur l\u2019\u00e9tat de l\u2019Union des Cours et des Conseils Constitutionnels Arabes et ses activit\u00e9s au cours de l\u2019ann\u00e9e \u00e9coul\u00e9e.<\/p>\n<p>Me Sghair Ould M\u2019Bareck avait, auparavant, particip\u00e9 \u00e0 la r\u00e9union de l\u2019Union des Cours et des Conseils Constitutionnels Francophones, tenue \u00e0 Lucerne (Suisse) les 08 et 09 du mois courant.<\/p>\n<p>Il a \u00e9t\u00e9 d\u00e9cid\u00e9, au cours de cette r\u00e9union, de modifier certaines dispositions des statuts de l\u2019Union, en vue de changer la d\u00e9nomination de \u2018\u2019 Union des Cours et Conseils constitutionnels conjoints dans l&#8217;utilisation de la langue fran\u00e7aise\u2019\u2019 vers \u2018\u2019Union des Cours et des Conseils Constitutionnels Francophones\u2019\u2019. Les participants ont pass\u00e9 en revue l\u2019\u00e9tat financier de l\u2019Union et d\u00e9cid\u00e9 de tenir le prochain sommet \u00e0 Montr\u00e9al (Canada) en juin 2019.<\/p>\n<p>Le bureau ex\u00e9cutif de l\u2019Union des Cours et des Conseils Constitutionnels Francophones a, \u00e9galement, d\u00e9cid\u00e9 la cr\u00e9ation d\u2019un espace virtuel regroupant tous les membres.<\/p>\n<p>Le pr\u00e9sident du Conseil Constitutionnel \u00e9tait accompagn\u00e9, au cours de ce voyage, de M. Ba Mariem Ko\u00efta, membre du Conseil Constitutionnel et de M. Sidi Baba Ould Bekki, charg\u00e9 des affaires juridiques et des litiges.<\/p>\n","protected":false},"excerpt":{"rendered":"<p>Le pr\u00e9sident du Conseil Constitutionnel, Me Sghair Ould M\u2019Bareck a regagn\u00e9 Nouakchott, dimanche soir, en provenance de Venise (Italie) o\u00f9 il a repr\u00e9sent\u00e9 notre pays aux r\u00e9unions du bureau ex\u00e9cutif de la conf\u00e9rence Mondiale sur la Justice Constitutionnelle<\/p>\n","protected":false},"author":1,"featured_media":0,"comment_status":"closed","ping_status":"closed","sticky":false,"template":"","format":"standard","meta":{"footnotes":""},"categories":[],"tags":[62741,62985,62476,63993],"class_list":["post-66795","post","type-post","status-publish","format-standard","hentry","tag-khweira","tag-nafa","tag-nouakchott","tag-politique"],"_links":{"self":[{"href":"https:\/\/ami.mr\/fr\/wp-json\/wp\/v2\/posts\/66795","targetHints":{"allow":["GET"]}}],"collection":[{"href":"https:\/\/ami.mr\/fr\/wp-json\/wp\/v2\/posts"}],"about":[{"href":"https:\/\/ami.mr\/fr\/wp-json\/wp\/v2\/types\/post"}],"author":[{"embeddable":true,"href":"https:\/\/ami.mr\/fr\/wp-json\/wp\/v2\/users\/1"}],"replies":[{"embeddable":true,"href":"https:\/\/ami.mr\/fr\/wp-json\/wp\/v2\/comments?post=66795"}],"version-history":[{"count":1,"href":"https:\/\/ami.mr\/fr\/wp-json\/wp\/v2\/posts\/66795\/revisions"}],"predecessor-version":[{"id":161639,"href":"https:\/\/ami.mr\/fr\/wp-json\/wp\/v2\/posts\/66795\/revisions\/161639"}],"wp:attachment":[{"href":"https:\/\/ami.mr\/fr\/wp-json\/wp\/v2\/media?parent=66795"}],"wp:term":[{"taxonomy":"category","embeddable":true,"href":"https:\/\/ami.mr\/fr\/wp-json\/wp\/v2\/categories?post=66795"},{"taxonomy":"post_tag","embeddable":true,"href":"https:\/\/ami.mr\/fr\/wp-json\/wp\/v2\/tags?post=66795"}],"curies":[{"name":"wp","href":"https:\/\/api.w.org\/{rel}","templated":true}]}}