{"id":66637,"date":"2018-03-11T16:30:57","date_gmt":"2018-03-11T16:30:57","guid":{"rendered":"http:\/\/192.168.64.2\/fr\/index.php\/2018\/03\/11\/lancement-dune-campagne-de-sensibilisation-sur-lintroduction-de-loutarde-dans-les-wilaya-du-nord\/"},"modified":"2022-07-04T16:59:19","modified_gmt":"2022-07-04T16:59:19","slug":"lancement-dune-campagne-de-sensibilisation-sur-lintroduction-de-loutarde-dans-les-wilaya-du-nord","status":"publish","type":"post","link":"https:\/\/ami.mr\/fr\/archives\/66637","title":{"rendered":"Lancement d&#8217;une campagne de sensibilisation sur l&#8217;introduction de l&#8217;outarde dans les wilaya du Nord"},"content":{"rendered":"<p>Le ministre de l\u2019environnement et du d\u00e9veloppement durable, M. Am\u00e9di Camara a pr\u00e9sid\u00e9 dimanche \u00e0 Atar une r\u00e9union de mobilisation sur l\u2019introduction et la protection des outardes de la chasse abusive dans les wilaya de l\u2019Adrar, de l\u2019Inchiri, du Tiris Zemmour et de Dakhlet Nouadhibou qui disposent de potentiel touristique important qu\u2019il nous appartient de prot\u00e9ger.<\/p>\n<p>Au cours de la r\u00e9union, le ministre de l\u2019environnement a dans un mot pour la circonstance a attir\u00e9 l\u2019attention sur l\u2019int\u00e9r\u00eat de cette esp\u00e8ce dans notre syst\u00e8me environnemental conform\u00e9ment aux instructions du Pr\u00e9sident de la R\u00e9publique commandant de pr\u00e9server ces oiseaux dans nos wilaya du Nord.<\/p>\n<p>Il a appel\u00e9 les autorit\u00e9s les organisations de la soci\u00e9t\u00e9 civile mais aussi les \u00e9lus et notables \u00e0 conjuguer leurs efforts non seulement pour pr\u00e9server notre milieu naturel mais encore pour le revivifier \u00e0 travers le respect scrupuleux des lois et autres textes en vigueur et \u00e0 faire preuve de responsabilit\u00e9 dans nos comportements pouvant touchant notre environnement et notre biodiversit\u00e9.<\/p>\n<p>Cette campagne dit-il, est ex\u00e9cut\u00e9e en collaboration avec l\u2019institution \u00e9miratie \u2018\u2019Bathii Al HAMED\u2019\u2019 et sera suivie par les services techniques relevant du d\u00e9partement mais \u00e9galement par les autorit\u00e9s des wilaya concern\u00e9es.<\/p>\n<p>L\u2019institution \u00e9miratie \u2018\u2019Al Bathii\u2019\u2019 a introduit il a quelques semaines dans le cadre de cette campagne quelque 204 outardes dans la zone de Bir Moghrein qui seront suivies par 2250 autres dans le cadre d\u2019une deuxi\u00e8me phase.<\/p>\n<p>La r\u00e9union s\u2019est d\u00e9roul\u00e9e en pr\u00e9sence du wali de l\u2019Adrar, M. Cheikh Ould Abdallahi Ould Ewah ; du charg\u00e9 de mission au cabinet du ministre de l\u2019environnement, du conseiller technique du ministre ; du directeur des r\u00e9serves et du littoral au minist\u00e8re ; du pr\u00e9sident du r\u00e9seau des parlementaires amis de l\u2019environnement ; et des autorit\u00e9s administratives, municipales et s\u00e9curitaires de la wilaya.<\/p>\n","protected":false},"excerpt":{"rendered":"<p>Le ministre de l\u2019environnement et du d\u00e9veloppement durable, M. Am\u00e9di Camara a pr\u00e9sid\u00e9 dimanche \u00e0 Atar une r\u00e9union de mobilisation sur l\u2019introduction et la protection des outardes de la chasse abusive dans les wilaya de l\u2019Adrar, de l\u2019Inchiri, du Tiris Zemm<\/p>\n","protected":false},"author":1,"featured_media":161482,"comment_status":"closed","ping_status":"closed","sticky":false,"template":"","format":"standard","meta":{"footnotes":""},"categories":[],"tags":[63990,63109,62476,62753],"class_list":["post-66637","post","type-post","status-publish","format-standard","has-post-thumbnail","hentry","tag-activites-gouvernementales","tag-ahmedabd","tag-nouakchott","tag-rabani"],"_links":{"self":[{"href":"https:\/\/ami.mr\/fr\/wp-json\/wp\/v2\/posts\/66637","targetHints":{"allow":["GET"]}}],"collection":[{"href":"https:\/\/ami.mr\/fr\/wp-json\/wp\/v2\/posts"}],"about":[{"href":"https:\/\/ami.mr\/fr\/wp-json\/wp\/v2\/types\/post"}],"author":[{"embeddable":true,"href":"https:\/\/ami.mr\/fr\/wp-json\/wp\/v2\/users\/1"}],"replies":[{"embeddable":true,"href":"https:\/\/ami.mr\/fr\/wp-json\/wp\/v2\/comments?post=66637"}],"version-history":[{"count":1,"href":"https:\/\/ami.mr\/fr\/wp-json\/wp\/v2\/posts\/66637\/revisions"}],"predecessor-version":[{"id":161481,"href":"https:\/\/ami.mr\/fr\/wp-json\/wp\/v2\/posts\/66637\/revisions\/161481"}],"wp:featuredmedia":[{"embeddable":true,"href":"https:\/\/ami.mr\/fr\/wp-json\/wp\/v2\/media\/161482"}],"wp:attachment":[{"href":"https:\/\/ami.mr\/fr\/wp-json\/wp\/v2\/media?parent=66637"}],"wp:term":[{"taxonomy":"category","embeddable":true,"href":"https:\/\/ami.mr\/fr\/wp-json\/wp\/v2\/categories?post=66637"},{"taxonomy":"post_tag","embeddable":true,"href":"https:\/\/ami.mr\/fr\/wp-json\/wp\/v2\/tags?post=66637"}],"curies":[{"name":"wp","href":"https:\/\/api.w.org\/{rel}","templated":true}]}}