{"id":66430,"date":"2018-02-27T21:24:20","date_gmt":"2018-02-27T21:24:20","guid":{"rendered":"http:\/\/192.168.64.2\/fr\/index.php\/2018\/02\/27\/colloque-scientifique-sur-les-droits-des-minorites-dans-le-monde-islamique\/"},"modified":"2022-07-04T16:53:32","modified_gmt":"2022-07-04T16:53:32","slug":"colloque-scientifique-sur-les-droits-des-minorites-dans-le-monde-islamique","status":"publish","type":"post","link":"https:\/\/ami.mr\/fr\/archives\/66430","title":{"rendered":"Colloque scientifique sur les droits des minorit\u00e9s dans le monde islamique"},"content":{"rendered":"<p>Les travaux du colloque scientifique organis\u00e9 par le centre mauritanien de recherche et d\u2019\u00e9tudes humaines et centr\u00e9 sur les droits des minorit\u00e9s dans le monde islamique ont d\u00e9marr\u00e9 mardi \u00e0 Nouakchott.<\/p>\n<p>Les axes de ce colloque portant ces droits, inspir\u00e9s de la D\u00e9claration de Marrakech, ont abord\u00e9 le projet r\u00e9novateur de l\u2019\u00e9rudit Cheikh Abdallahi Ould Boy\u00e9 et la position de l\u2019Islam vis-\u00e0-vis des minorit\u00e9s religieuses dans le monde musulman.<\/p>\n<p>Les diff\u00e9rents conf\u00e9renciers qui se sont succ\u00e9d\u00e9 ont pass\u00e9 en revue, au cours de cette rencontre, les d\u00e9tails des avis de Cheikh Boy\u00e9 et la position de la Chariaa par rapport \u00e0 ce sujet des minorit\u00e9s.<\/p>\n<p>Le pr\u00e9sident du centre, Dr. Mohamed Sid Ahmed Vall dit Beyati a soulign\u00e9, dans un mot pour la circonstance, l\u2019importance de ce colloque, notant qu\u2019il vise \u00e0 mettre en exergue les positions de nos Ul\u00e9mas par rapport \u00e0 cette question sensible.<\/p>\n<p>Cette manifestation s\u2019est d\u00e9roul\u00e9e en pr\u00e9sence de plusieurs Ul\u00e9mas, chercheurs et \u00e9crivains.<\/p>\n","protected":false},"excerpt":{"rendered":"<p>Les travaux du colloque scientifique organis\u00e9 par le centre mauritanien de recherche et d\u2019\u00e9tudes humaines et centr\u00e9 sur les droits des minorit\u00e9s dans le monde islamique ont d\u00e9marr\u00e9 mardi \u00e0 Nouakchott<\/p>\n","protected":false},"author":1,"featured_media":161275,"comment_status":"closed","ping_status":"closed","sticky":false,"template":"","format":"standard","meta":{"footnotes":""},"categories":[104],"tags":[62757,62476],"class_list":["post-66430","post","type-post","status-publish","format-standard","has-post-thumbnail","hentry","category-104","tag-nomma","tag-nouakchott"],"_links":{"self":[{"href":"https:\/\/ami.mr\/fr\/wp-json\/wp\/v2\/posts\/66430","targetHints":{"allow":["GET"]}}],"collection":[{"href":"https:\/\/ami.mr\/fr\/wp-json\/wp\/v2\/posts"}],"about":[{"href":"https:\/\/ami.mr\/fr\/wp-json\/wp\/v2\/types\/post"}],"author":[{"embeddable":true,"href":"https:\/\/ami.mr\/fr\/wp-json\/wp\/v2\/users\/1"}],"replies":[{"embeddable":true,"href":"https:\/\/ami.mr\/fr\/wp-json\/wp\/v2\/comments?post=66430"}],"version-history":[{"count":1,"href":"https:\/\/ami.mr\/fr\/wp-json\/wp\/v2\/posts\/66430\/revisions"}],"predecessor-version":[{"id":161274,"href":"https:\/\/ami.mr\/fr\/wp-json\/wp\/v2\/posts\/66430\/revisions\/161274"}],"wp:featuredmedia":[{"embeddable":true,"href":"https:\/\/ami.mr\/fr\/wp-json\/wp\/v2\/media\/161275"}],"wp:attachment":[{"href":"https:\/\/ami.mr\/fr\/wp-json\/wp\/v2\/media?parent=66430"}],"wp:term":[{"taxonomy":"category","embeddable":true,"href":"https:\/\/ami.mr\/fr\/wp-json\/wp\/v2\/categories?post=66430"},{"taxonomy":"post_tag","embeddable":true,"href":"https:\/\/ami.mr\/fr\/wp-json\/wp\/v2\/tags?post=66430"}],"curies":[{"name":"wp","href":"https:\/\/api.w.org\/{rel}","templated":true}]}}