{"id":66428,"date":"2018-02-27T20:10:19","date_gmt":"2018-02-27T20:10:19","guid":{"rendered":"http:\/\/192.168.64.2\/fr\/index.php\/2018\/02\/27\/le-wali-de-nouakchott-sud-effectue-une-visite-a-el-mina\/"},"modified":"2022-07-04T16:53:28","modified_gmt":"2022-07-04T16:53:28","slug":"le-wali-de-nouakchott-sud-effectue-une-visite-a-el-mina","status":"publish","type":"post","link":"https:\/\/ami.mr\/fr\/archives\/66428","title":{"rendered":"Le wali de Nouakchott Sud effectue une visite \u00e0 El Mina"},"content":{"rendered":"<p>Le wali de Nouakchott Sud, M. MRabih Rabou Ould Bounenna Ould Abidine, a effectu\u00e9, mardi matin, une visite \u00e0 la Moughataa d\u2019El Mina au cours de laquelle il s\u2019est inform\u00e9 sur l\u2019\u00e9tat de plusieurs \u00e9tablissements, services publics et march\u00e9s.<\/p>\n<p>Cette visite a permis au wali de s\u2019informer sur le terrain des conditions de vie des populations, des principaux probl\u00e8mes auxquels celles-ci sont confront\u00e9es et de la nature des services publics assur\u00e9s par ces institutions.<\/p>\n<p>Au cours d&#8217;une r\u00e9union qu\u2019il a tenue dans les locaux de la Moughataa et \u00e0 laquelle ont particip\u00e9 les autorit\u00e9s administratives, s\u00e9curitaires et municipales ainsi que les notables de la Moughataa, le wali a exhort\u00e9 les responsables \u00e0 faire preuve de rigueur, de ponctualit\u00e9 et de discipline, \u00e0 pr\u00e9server les biens de l&#8217;Etat, \u00e0 veiller sur la s\u00e9curit\u00e9 des citoyens et \u00e0 \u00e9couter leurs dol\u00e9ances.<\/p>\n<p>Le wali a soulign\u00e9 que la priorit\u00e9 est de servir les citoyens, s&#8217;engageant \u00e0 cet \u00e9gard, \u00e0 effectuer en permanence, des visites dans la Moughataa, appelant les citoyens \u00e0 soumettre leurs probl\u00e8mes et dol\u00e9ances aux parties concern\u00e9es pour leur trouver les solutions les plus rapides et efficaces possibles.<\/p>\n<p>Le wali \u00e9tait accompagn\u00e9 du Hakem de la Moughataa d\u2019El Mina et des autorit\u00e9s administratives et s\u00e9curitaires de la wilaya.<\/p>\n","protected":false},"excerpt":{"rendered":"<p>Le wali de Nouakchott Sud, M. MRabih Rabou Ould Bounenna Ould Abidine, a effectu\u00e9, mardi matin, une visite \u00e0 la Moughataa d\u2019El Mina au cours de laquelle il s\u2019est inform\u00e9 sur l\u2019\u00e9tat de plusieurs \u00e9tablissements, services publics et march\u00e9s<\/p>\n","protected":false},"author":1,"featured_media":161273,"comment_status":"closed","ping_status":"closed","sticky":false,"template":"","format":"standard","meta":{"footnotes":""},"categories":[],"tags":[63109,62757,62476,63996],"class_list":["post-66428","post","type-post","status-publish","format-standard","has-post-thumbnail","hentry","tag-ahmedabd","tag-nomma","tag-nouakchott","tag-societe"],"_links":{"self":[{"href":"https:\/\/ami.mr\/fr\/wp-json\/wp\/v2\/posts\/66428","targetHints":{"allow":["GET"]}}],"collection":[{"href":"https:\/\/ami.mr\/fr\/wp-json\/wp\/v2\/posts"}],"about":[{"href":"https:\/\/ami.mr\/fr\/wp-json\/wp\/v2\/types\/post"}],"author":[{"embeddable":true,"href":"https:\/\/ami.mr\/fr\/wp-json\/wp\/v2\/users\/1"}],"replies":[{"embeddable":true,"href":"https:\/\/ami.mr\/fr\/wp-json\/wp\/v2\/comments?post=66428"}],"version-history":[{"count":1,"href":"https:\/\/ami.mr\/fr\/wp-json\/wp\/v2\/posts\/66428\/revisions"}],"predecessor-version":[{"id":161272,"href":"https:\/\/ami.mr\/fr\/wp-json\/wp\/v2\/posts\/66428\/revisions\/161272"}],"wp:featuredmedia":[{"embeddable":true,"href":"https:\/\/ami.mr\/fr\/wp-json\/wp\/v2\/media\/161273"}],"wp:attachment":[{"href":"https:\/\/ami.mr\/fr\/wp-json\/wp\/v2\/media?parent=66428"}],"wp:term":[{"taxonomy":"category","embeddable":true,"href":"https:\/\/ami.mr\/fr\/wp-json\/wp\/v2\/categories?post=66428"},{"taxonomy":"post_tag","embeddable":true,"href":"https:\/\/ami.mr\/fr\/wp-json\/wp\/v2\/tags?post=66428"}],"curies":[{"name":"wp","href":"https:\/\/api.w.org\/{rel}","templated":true}]}}