{"id":66426,"date":"2018-02-27T20:01:50","date_gmt":"2018-02-27T20:01:50","guid":{"rendered":"http:\/\/192.168.64.2\/fr\/index.php\/2018\/02\/27\/le-ministre-de-leconomie-et-des-finances-recoit-lambassadeur-de-lue\/"},"modified":"2022-07-04T16:53:25","modified_gmt":"2022-07-04T16:53:25","slug":"le-ministre-de-leconomie-et-des-finances-recoit-lambassadeur-de-lue","status":"publish","type":"post","link":"https:\/\/ami.mr\/fr\/archives\/66426","title":{"rendered":"Le ministre de l\u2019Economie et des Finances re\u00e7oit l\u2019ambassadeur de l\u2019UE"},"content":{"rendered":"<p>Le ministre de l\u2019Economie et des Finances, M. El Moctar Ould Djay, a re\u00e7u, mardi apr\u00e8s-midi, en audience \u00e0 Nouakchott SEM. Giacomo Durazzo, ambassadeur, chef de la d\u00e9l\u00e9gation de l\u2019Union Europ\u00e9enne accr\u00e9dit\u00e9 en Mauritanie.<\/p>\n<p>L\u2019entrevue a \u00e9t\u00e9 l&#8217;occasion de passer en revue les relations de coop\u00e9ration existant entre la Mauritanie et l\u2019Union Europ\u00e9enne et les moyens de les renforcer et de les d\u00e9velopper davantage, notamment dans le domaine de l\u2019Economie et des finances.<\/p>\n<p>L\u2019audience s\u2019est d\u00e9roul\u00e9e en pr\u00e9sence du directeur g\u00e9n\u00e9ral des Investissements Publics et de la Coop\u00e9ration \u00e9conomique, M. Abass Sylla.<\/p>\n","protected":false},"excerpt":{"rendered":"<p>Le ministre de l\u2019Economie et des Finances, M. El Moctar Ould Djay, a re\u00e7u, mardi apr\u00e8s-midi, en audience \u00e0 Nouakchott SEM. Giacomo Durazzo, ambassadeur, chef de la d\u00e9l\u00e9gation de l\u2019Union Europ\u00e9enne accr\u00e9dit\u00e9 en Mauritanie<\/p>\n","protected":false},"author":1,"featured_media":161271,"comment_status":"closed","ping_status":"closed","sticky":false,"template":"","format":"standard","meta":{"footnotes":""},"categories":[],"tags":[63990,62757,62476],"class_list":["post-66426","post","type-post","status-publish","format-standard","has-post-thumbnail","hentry","tag-activites-gouvernementales","tag-nomma","tag-nouakchott"],"_links":{"self":[{"href":"https:\/\/ami.mr\/fr\/wp-json\/wp\/v2\/posts\/66426","targetHints":{"allow":["GET"]}}],"collection":[{"href":"https:\/\/ami.mr\/fr\/wp-json\/wp\/v2\/posts"}],"about":[{"href":"https:\/\/ami.mr\/fr\/wp-json\/wp\/v2\/types\/post"}],"author":[{"embeddable":true,"href":"https:\/\/ami.mr\/fr\/wp-json\/wp\/v2\/users\/1"}],"replies":[{"embeddable":true,"href":"https:\/\/ami.mr\/fr\/wp-json\/wp\/v2\/comments?post=66426"}],"version-history":[{"count":1,"href":"https:\/\/ami.mr\/fr\/wp-json\/wp\/v2\/posts\/66426\/revisions"}],"predecessor-version":[{"id":161270,"href":"https:\/\/ami.mr\/fr\/wp-json\/wp\/v2\/posts\/66426\/revisions\/161270"}],"wp:featuredmedia":[{"embeddable":true,"href":"https:\/\/ami.mr\/fr\/wp-json\/wp\/v2\/media\/161271"}],"wp:attachment":[{"href":"https:\/\/ami.mr\/fr\/wp-json\/wp\/v2\/media?parent=66426"}],"wp:term":[{"taxonomy":"category","embeddable":true,"href":"https:\/\/ami.mr\/fr\/wp-json\/wp\/v2\/categories?post=66426"},{"taxonomy":"post_tag","embeddable":true,"href":"https:\/\/ami.mr\/fr\/wp-json\/wp\/v2\/tags?post=66426"}],"curies":[{"name":"wp","href":"https:\/\/api.w.org\/{rel}","templated":true}]}}