{"id":66421,"date":"2018-02-27T19:02:36","date_gmt":"2018-02-27T19:02:36","guid":{"rendered":"http:\/\/192.168.64.2\/fr\/index.php\/2018\/02\/27\/le-ministre-de-leducation-nationale-recoit-une-mission-de-lunesco\/"},"modified":"2022-07-04T16:53:18","modified_gmt":"2022-07-04T16:53:18","slug":"le-ministre-de-leducation-nationale-recoit-une-mission-de-lunesco","status":"publish","type":"post","link":"https:\/\/ami.mr\/fr\/archives\/66421","title":{"rendered":"Le ministre de l\u2019\u00e9ducation nationale re\u00e7oit une mission de l\u2019Unesco"},"content":{"rendered":"<p>Le ministre de l\u2019\u00e9ducation nationale, M. Isselmou Ould Sid El Moktar Ould Lehbib, a re\u00e7u mardi en audience dans son bureau \u00e0 Nouakchott une mission de l\u2019Unesco conduite par M. Philippe Maalouf, sp\u00e9cialiste de programme \u00e9ducation au bureau de l\u2019Unesco de Rabat.<\/p>\n<p>Au cours de l\u2019entrevue, il a \u00e9t\u00e9 question des relations de coop\u00e9ration entre notre pays et cette institution internationale onusienne et des moyens de les renforcer notamment dans les domaines de l\u2019\u00e9ducation et de l\u2019enseignement.<\/p>\n<p>L\u2019audience s\u2019est d\u00e9roul\u00e9e en pr\u00e9sence de la secr\u00e9taire g\u00e9n\u00e9rale du minist\u00e8re, Mme M\u2019Aiziza Mint Mahfoudh Ould Kourbally.<\/p>\n","protected":false},"excerpt":{"rendered":"<p>Le ministre de l\u2019\u00e9ducation nationale, M. Isselmou Ould Sid El Moktar Ould Lehbib, a re\u00e7u mardi en audience dans son bureau \u00e0 Nouakchott une mission de l\u2019Unesco conduite par M. Philippe Maalouf, sp\u00e9cialiste de programme \u00e9ducation au bureau de l\u2019Unesco de R<\/p>\n","protected":false},"author":1,"featured_media":0,"comment_status":"closed","ping_status":"closed","sticky":false,"template":"","format":"standard","meta":{"footnotes":""},"categories":[],"tags":[63990,62757,62476],"class_list":["post-66421","post","type-post","status-publish","format-standard","hentry","tag-activites-gouvernementales","tag-nomma","tag-nouakchott"],"_links":{"self":[{"href":"https:\/\/ami.mr\/fr\/wp-json\/wp\/v2\/posts\/66421","targetHints":{"allow":["GET"]}}],"collection":[{"href":"https:\/\/ami.mr\/fr\/wp-json\/wp\/v2\/posts"}],"about":[{"href":"https:\/\/ami.mr\/fr\/wp-json\/wp\/v2\/types\/post"}],"author":[{"embeddable":true,"href":"https:\/\/ami.mr\/fr\/wp-json\/wp\/v2\/users\/1"}],"replies":[{"embeddable":true,"href":"https:\/\/ami.mr\/fr\/wp-json\/wp\/v2\/comments?post=66421"}],"version-history":[{"count":1,"href":"https:\/\/ami.mr\/fr\/wp-json\/wp\/v2\/posts\/66421\/revisions"}],"predecessor-version":[{"id":161265,"href":"https:\/\/ami.mr\/fr\/wp-json\/wp\/v2\/posts\/66421\/revisions\/161265"}],"wp:attachment":[{"href":"https:\/\/ami.mr\/fr\/wp-json\/wp\/v2\/media?parent=66421"}],"wp:term":[{"taxonomy":"category","embeddable":true,"href":"https:\/\/ami.mr\/fr\/wp-json\/wp\/v2\/categories?post=66421"},{"taxonomy":"post_tag","embeddable":true,"href":"https:\/\/ami.mr\/fr\/wp-json\/wp\/v2\/tags?post=66421"}],"curies":[{"name":"wp","href":"https:\/\/api.w.org\/{rel}","templated":true}]}}