{"id":66399,"date":"2018-02-27T09:11:29","date_gmt":"2018-02-27T09:11:29","guid":{"rendered":"http:\/\/192.168.64.2\/fr\/index.php\/2018\/02\/27\/nomination-dun-ministre-secretaire-general-de-la-presidence-de-la-republique-2\/"},"modified":"2022-07-04T16:52:44","modified_gmt":"2022-07-04T16:52:44","slug":"nomination-dun-ministre-secretaire-general-de-la-presidence-de-la-republique-2","status":"publish","type":"post","link":"https:\/\/ami.mr\/fr\/archives\/66399","title":{"rendered":"Nomination d\u2019un ministre secr\u00e9taire g\u00e9n\u00e9ral de la Pr\u00e9sidence de la R\u00e9publique"},"content":{"rendered":"<p>La Pr\u00e9sidence de la R\u00e9publique a rendu public mardi le communiqu\u00e9 suivant:<\/p>\n<p>\u2018\u2019Par d\u00e9cret en date de ce jour est nomm\u00e9:<br \/>\nMinistre secr\u00e9taire g\u00e9n\u00e9ral de la Pr\u00e9sidence de la R\u00e9publique:<\/p>\n<p>Cheikh Mohamed Ould Cheikh Sidiya&#8221;.<\/p>\n","protected":false},"excerpt":{"rendered":"<p>La Pr\u00e9sidence de la R\u00e9publique a rendu public mardi le communiqu\u00e9 suivant:<\/p>\n<p>\u2018\u2019Par d\u00e9cret en date de ce jour est nomm\u00e9:<br \/>\nMinistre secr\u00e9taire g\u00e9n\u00e9ral de la Pr\u00e9sidence de la R\u00e9publique:<\/p>\n<p>Cheikh Mohamed Ould Cheikh Sidiya&#8221;.<\/p>\n","protected":false},"author":1,"featured_media":161244,"comment_status":"closed","ping_status":"closed","sticky":false,"template":"","format":"standard","meta":{"footnotes":""},"categories":[],"tags":[63991,63109,62749,62476],"class_list":["post-66399","post","type-post","status-publish","format-standard","has-post-thumbnail","hentry","tag-activites-presidentielles","tag-ahmedabd","tag-nena","tag-nouakchott"],"_links":{"self":[{"href":"https:\/\/ami.mr\/fr\/wp-json\/wp\/v2\/posts\/66399","targetHints":{"allow":["GET"]}}],"collection":[{"href":"https:\/\/ami.mr\/fr\/wp-json\/wp\/v2\/posts"}],"about":[{"href":"https:\/\/ami.mr\/fr\/wp-json\/wp\/v2\/types\/post"}],"author":[{"embeddable":true,"href":"https:\/\/ami.mr\/fr\/wp-json\/wp\/v2\/users\/1"}],"replies":[{"embeddable":true,"href":"https:\/\/ami.mr\/fr\/wp-json\/wp\/v2\/comments?post=66399"}],"version-history":[{"count":1,"href":"https:\/\/ami.mr\/fr\/wp-json\/wp\/v2\/posts\/66399\/revisions"}],"predecessor-version":[{"id":161243,"href":"https:\/\/ami.mr\/fr\/wp-json\/wp\/v2\/posts\/66399\/revisions\/161243"}],"wp:featuredmedia":[{"embeddable":true,"href":"https:\/\/ami.mr\/fr\/wp-json\/wp\/v2\/media\/161244"}],"wp:attachment":[{"href":"https:\/\/ami.mr\/fr\/wp-json\/wp\/v2\/media?parent=66399"}],"wp:term":[{"taxonomy":"category","embeddable":true,"href":"https:\/\/ami.mr\/fr\/wp-json\/wp\/v2\/categories?post=66399"},{"taxonomy":"post_tag","embeddable":true,"href":"https:\/\/ami.mr\/fr\/wp-json\/wp\/v2\/tags?post=66399"}],"curies":[{"name":"wp","href":"https:\/\/api.w.org\/{rel}","templated":true}]}}