{"id":66107,"date":"2018-02-11T15:09:13","date_gmt":"2018-02-11T15:09:13","guid":{"rendered":"http:\/\/192.168.64.2\/fr\/index.php\/2018\/02\/11\/lunion-des-femmes-des-medias-de-mauritanie-organise-une-ceremonie-dhommage-pour-certaines-personnalites\/"},"modified":"2022-07-04T16:44:51","modified_gmt":"2022-07-04T16:44:51","slug":"lunion-des-femmes-des-medias-de-mauritanie-organise-une-ceremonie-dhommage-pour-certaines-personnalites","status":"publish","type":"post","link":"https:\/\/ami.mr\/fr\/archives\/66107","title":{"rendered":"L&#8217;Union des femmes des m\u00e9dias de Mauritanie organise une c\u00e9r\u00e9monie d&#8217;hommage pour certaines personnalit\u00e9s"},"content":{"rendered":"<p>L&#8217;Union des femmes des medias de Mauritanie a organis\u00e9, samedi soir \u00e0 Nouakchott, une c\u00e9r\u00e9monie d&#8217;hommage pour certaines personnalit\u00e9s nationales, et ce \u00e0 la fin de la fin de sa campagne d&#8217;adh\u00e9sion organis\u00e9e r\u00e9cemment.<\/p>\n<p>Dans un mot prononc\u00e9 pour la circonstance, la ministre des affaires sociales, de l&#8217;enfance et de la famille, Mme Meymouna Mohamed Taghi, a indiqu\u00e9 que les toutes derni\u00e8res ann\u00e9es ont constitu\u00e9 un bond qualitatif dans la marche de la femme mauritanienne vers le progr\u00e8s, soulignant que les acquis enregistr\u00e9s ont \u00e9t\u00e9 marqu\u00e9s par la clairvoyance dans la vision et la compr\u00e9hension correcte des probl\u00e9matiques d\u00e9coulant de l&#8217;in\u00e9galit\u00e9 dont ont souffert les femmes durant des d\u00e9cennies avant de se f\u00e9liciter de la place qu&#8217;occupent les femmes aujourd&#8217;hui, gr\u00e2ce au programme de soci\u00e9t\u00e9 du Pr\u00e9sident de la R\u00e9publique, Son Excellence Monsieur Mohamed Ould Abdel Aziz.<\/p>\n<p>Elle a ajout\u00e9 que gr\u00e2ce \u00e0 la volont\u00e9 in\u00e9branlable du Chef de l&#8217;Etat d&#8217;associer la femme mauritanienne au d\u00e9veloppement et de d\u00e9fendre ses droits, celle-ci conna\u00eet \u00e0 pr\u00e9sent une situation privil\u00e9gi\u00e9e dans son environnement arabe et africain.<\/p>\n<p>La ministre a soulign\u00e9 que tout effort visant \u00e0 associer les femmes ne tenant pas compte de l&#8217;importance des medias et de ceux qui les supervisent, notamment les femmes des medias, est vou\u00e9 \u00e0 l&#8217;\u00e9chec, eu \u00e9gard au r\u00f4le pionnier que jouent les medias dans la correction des comportements et l&#8217;encouragement de la femme \u00e0 la participation dans le d\u00e9veloppement.<\/p>\n<p>Elle a enfin indiqu\u00e9 que pour la premi\u00e8re fois dans le pays, le tiers des membres du Gouvernement est constitu\u00e9 de femmes, de m\u00eame que les secr\u00e9taires g\u00e9n\u00e9raux des minist\u00e8res. En plus de cela, a-telle not\u00e9, les femmes occupent \u00e0 pr\u00e9sent de hautes fonctions de l&#8217;Etat.<\/p>\n<p>Pour sa part, la pr\u00e9sidente de l&#8217;Union des femmes des medias de Mauritanie, Mme M&#8217;Neya Mint Sidi, a indiqu\u00e9 que le bureau de l&#8217;Union oeuvre pour la mise en place d&#8217;un plan d&#8217;action pour l&#8217;ann\u00e9e 2018-2019, soulignant qu&#8217;il accorde en outre une importance particuli\u00e8re \u00e0 la formation et \u00e0 l&#8217;\u00e9largissement des relations de l&#8217;Union \u00e0 l&#8217;int\u00e9rieur et \u00e0 l&#8217;ext\u00e9rieur du pays ainsi qu&#8217;au partenariat avec les acteurs \u00e9conomiques et ceux s&#8217;int\u00e9ressant aux questions m\u00e9diatiques et de genre et au traitement des questions des femmes dans les medias.<\/p>\n<p>La c\u00e9r\u00e9monie a \u00e9t\u00e9 marqu\u00e9e par la remise du bouclier de l&#8217;Union, plus haute distinction de l&#8217;Union, \u00e0 l&#8217;ancien ministre Me Hamdi Ould Mahjoub et \u00e0 l&#8217;ancienne ministre, Mme Maty Mint Hamadi, pour leurs efforts en faveur du renforcement du r\u00f4le des femmes des medias en Mauritanie, du climat et du cadre juridique propres \u00e0 dynamiser ce r\u00f4le.<\/p>\n<p>La pr\u00e9sidente d&#8217;honneur de l&#8217;Union, Mme Naha Mint Seyidi a \u00e9t\u00e9 aussi r\u00e9compens\u00e9e de m\u00eame que la pr\u00e9sidente fondatrice de l&#8217;Union, Mme M&#8217;Neya Mint Sidi.<\/p>\n<p>La c\u00e9r\u00e9monie s&#8217;est d\u00e9roul\u00e9e en pr\u00e9sence du wali de Nouakchott Ouest, M.Mahi Ould Hamed,de la pr\u00e9sidente de la Communaut\u00e9 Urbaine de Nouakchott, Mme Maty Mint Hamadi, du pr\u00e9sident du Haut conseil de la Jeunesse, M. Mohamed Yahya Ould Taleb Brahim et de plusieurs autres personnalit\u00e9s.<\/p>\n","protected":false},"excerpt":{"rendered":"<p>L&#8217;Union des femmes des medias de Mauritanie a organis\u00e9, samedi soir \u00e0 Nouakchott, une c\u00e9r\u00e9monie d&#8217;hommage pour certaines personnalit\u00e9s nationales, et ce \u00e0 la fin de la fin de sa campagne d&#8217;adh\u00e9sion organis\u00e9e r\u00e9cemment<\/p>\n","protected":false},"author":1,"featured_media":160952,"comment_status":"closed","ping_status":"closed","sticky":false,"template":"","format":"standard","meta":{"footnotes":""},"categories":[],"tags":[62741,62476,63994,62747],"class_list":["post-66107","post","type-post","status-publish","format-standard","has-post-thumbnail","hentry","tag-khweira","tag-nouakchott","tag-presse","tag-s_bechire"],"_links":{"self":[{"href":"https:\/\/ami.mr\/fr\/wp-json\/wp\/v2\/posts\/66107","targetHints":{"allow":["GET"]}}],"collection":[{"href":"https:\/\/ami.mr\/fr\/wp-json\/wp\/v2\/posts"}],"about":[{"href":"https:\/\/ami.mr\/fr\/wp-json\/wp\/v2\/types\/post"}],"author":[{"embeddable":true,"href":"https:\/\/ami.mr\/fr\/wp-json\/wp\/v2\/users\/1"}],"replies":[{"embeddable":true,"href":"https:\/\/ami.mr\/fr\/wp-json\/wp\/v2\/comments?post=66107"}],"version-history":[{"count":1,"href":"https:\/\/ami.mr\/fr\/wp-json\/wp\/v2\/posts\/66107\/revisions"}],"predecessor-version":[{"id":160951,"href":"https:\/\/ami.mr\/fr\/wp-json\/wp\/v2\/posts\/66107\/revisions\/160951"}],"wp:featuredmedia":[{"embeddable":true,"href":"https:\/\/ami.mr\/fr\/wp-json\/wp\/v2\/media\/160952"}],"wp:attachment":[{"href":"https:\/\/ami.mr\/fr\/wp-json\/wp\/v2\/media?parent=66107"}],"wp:term":[{"taxonomy":"category","embeddable":true,"href":"https:\/\/ami.mr\/fr\/wp-json\/wp\/v2\/categories?post=66107"},{"taxonomy":"post_tag","embeddable":true,"href":"https:\/\/ami.mr\/fr\/wp-json\/wp\/v2\/tags?post=66107"}],"curies":[{"name":"wp","href":"https:\/\/api.w.org\/{rel}","templated":true}]}}