{"id":65957,"date":"2018-02-03T21:00:42","date_gmt":"2018-02-03T21:00:42","guid":{"rendered":"http:\/\/192.168.64.2\/fr\/index.php\/2018\/02\/03\/le-ministre-de-leducation-nationale-regagne-nouakchott-2\/"},"modified":"2022-07-04T16:40:59","modified_gmt":"2022-07-04T16:40:59","slug":"le-ministre-de-leducation-nationale-regagne-nouakchott-2","status":"publish","type":"post","link":"https:\/\/ami.mr\/fr\/archives\/65957","title":{"rendered":"Le ministre de l&#8217;Education nationale regagne Nouakchott"},"content":{"rendered":"<p>Le ministre de l&#8217;Education Nationale, M. Isselmou Ould Sid&#8217;El Moctar Ould Lehbib, a regagn\u00e9 Nouakchott, samedi soir, en provenance du S\u00e9n\u00e9gal apr\u00e8s avoir particip\u00e9 \u00e0 la r\u00e9union p\u00e9riodique du programme de partenariat international pour l&#8217;enseignement qui s&#8217;est tenue du 1 au 3 f\u00e9vrier 2018 \u00e0 Dakar.<\/p>\n<p>La Mauritanie a \u00e9t\u00e9 retenue au cours de cette r\u00e9union parmi les pays qui b\u00e9n\u00e9ficieront des financements du programme pour les ann\u00e9es 2018 et 2019.<\/p>\n<p>Il est \u00e0 noter que cette r\u00e9union vise \u00e0 mobiliser les ressources pour les pays b\u00e9n\u00e9ficiaires des financements du programme.<\/p>\n","protected":false},"excerpt":{"rendered":"<p>Le ministre de l&#8217;Education Nationale, M. Isselmou Ould Sid&#8217;El Moctar Ould Lehbib, a regagn\u00e9 Nouakchott, samedi soir, en provenance du S\u00e9n\u00e9gal apr\u00e8s avoir particip\u00e9 \u00e0 la r\u00e9union p\u00e9riodique du programme de partenariat international pour l&#8217;enseignement qui s<\/p>\n","protected":false},"author":1,"featured_media":160802,"comment_status":"closed","ping_status":"closed","sticky":false,"template":"","format":"standard","meta":{"footnotes":""},"categories":[],"tags":[63990,62750,62476],"class_list":["post-65957","post","type-post","status-publish","format-standard","has-post-thumbnail","hentry","tag-activites-gouvernementales","tag-munina","tag-nouakchott"],"_links":{"self":[{"href":"https:\/\/ami.mr\/fr\/wp-json\/wp\/v2\/posts\/65957","targetHints":{"allow":["GET"]}}],"collection":[{"href":"https:\/\/ami.mr\/fr\/wp-json\/wp\/v2\/posts"}],"about":[{"href":"https:\/\/ami.mr\/fr\/wp-json\/wp\/v2\/types\/post"}],"author":[{"embeddable":true,"href":"https:\/\/ami.mr\/fr\/wp-json\/wp\/v2\/users\/1"}],"replies":[{"embeddable":true,"href":"https:\/\/ami.mr\/fr\/wp-json\/wp\/v2\/comments?post=65957"}],"version-history":[{"count":1,"href":"https:\/\/ami.mr\/fr\/wp-json\/wp\/v2\/posts\/65957\/revisions"}],"predecessor-version":[{"id":160801,"href":"https:\/\/ami.mr\/fr\/wp-json\/wp\/v2\/posts\/65957\/revisions\/160801"}],"wp:featuredmedia":[{"embeddable":true,"href":"https:\/\/ami.mr\/fr\/wp-json\/wp\/v2\/media\/160802"}],"wp:attachment":[{"href":"https:\/\/ami.mr\/fr\/wp-json\/wp\/v2\/media?parent=65957"}],"wp:term":[{"taxonomy":"category","embeddable":true,"href":"https:\/\/ami.mr\/fr\/wp-json\/wp\/v2\/categories?post=65957"},{"taxonomy":"post_tag","embeddable":true,"href":"https:\/\/ami.mr\/fr\/wp-json\/wp\/v2\/tags?post=65957"}],"curies":[{"name":"wp","href":"https:\/\/api.w.org\/{rel}","templated":true}]}}