{"id":65420,"date":"2017-12-29T16:29:23","date_gmt":"2017-12-29T16:29:23","guid":{"rendered":"http:\/\/192.168.64.2\/fr\/index.php\/2017\/12\/29\/sortie-de-deux-promotions-de-la-police-nationale\/"},"modified":"2022-07-04T16:27:24","modified_gmt":"2022-07-04T16:27:24","slug":"sortie-de-deux-promotions-de-la-police-nationale","status":"publish","type":"post","link":"https:\/\/ami.mr\/fr\/archives\/65420","title":{"rendered":"Sortie de deux promotions de la police nationale"},"content":{"rendered":"<p>Le ministre de l&#8217;Int\u00e9rieur et de la D\u00e9centralisation, M. Ahmedou Ould Abdalla, accompagn\u00e9 du directeur g\u00e9n\u00e9ral de la suret\u00e9 nationale, G\u00e9n\u00e9ral de division Mohamed Ould Meguett, a supervis\u00e9, vendredi matin \u00e0 l&#8217;\u00c9cole Nationale de Police \u00e0 Nouakchott, la c\u00e9r\u00e9monie de sortie de la 17\u00e8me promotion d\u2019inspecteurs de police et de la 41\u00e8me promotion d&#8217;\u00e9l\u00e8ves-Agents de police, d\u00e9nomm\u00e9e Feu Izidbih Ould Mohamed Lamine.<\/p>\n<p>La promotion d&#8217;inspecteurs comprend 22 inspecteurs, tandis que celle d&#8217;\u00e9l\u00e8ves-Agents est compos\u00e9e de 500 agents de police ayant suivi une formation physique et th\u00e9orique compl\u00e8te, leur permettant d&#8217;acqu\u00e9rir les connaissances et l&#8217;exp\u00e9rience n\u00e9cessaires pour accomplir pleinement leurs missions s\u00e9curitaires.<\/p>\n<p>S\u2019exprimant \u00e0 cette occasion, le ministre de l&#8217;int\u00e9rieur et de la d\u00e9centralisation a soulign\u00e9 l\u2019importance de la sortie de ces deux promotions pour la police nationale, conform\u00e9ment aux instructions de Son Excellence le Pr\u00e9sident de la R\u00e9publique, Monsieur Mohamed Ould Abdel Aziz visant \u00e0 former une police nationale qualifi\u00e9e et capable de faire face \u00e0 tous les d\u00e9fis.<\/p>\n<p>Il a par la suite ajout\u00e9 que la Mauritanie a r\u00e9alis\u00e9, gr\u00e2ce \u00e0 Allah et la ferme volont\u00e9 de Son Excellence le Pr\u00e9sident de la R\u00e9publique, des succ\u00e8s remarquables dans la lutte contre le terrorisme, la drogue et le crime organis\u00e9, qui ont gagn\u00e9 l&#8217;admiration et l&#8217;appr\u00e9ciation de nos partenaires au d\u00e9veloppement faisant de notre pays une r\u00e9f\u00e9rence pour les pays de la r\u00e9gion.<\/p>\n<p>Il a pr\u00e9cis\u00e9 que l&#8217;approche s\u00e9curitaire suivie par notre pays reposait sur plusieurs axes fondamentaux dont notamment la formation et l&#8217;\u00e9quipement des forces arm\u00e9es et de s\u00e9curit\u00e9, l&#8217;\u00e9tablissement de points de passage obligatoires pour contr\u00f4ler les d\u00e9placements des citoyens et des \u00e9trangers, la r\u00e9forme de l\u2019\u00e9tat civil par l\u2019adoption d\u2019un syst\u00e8me biom\u00e9trique infalsifiable et l\u2019\u00e9largissement des domaines de coop\u00e9ration entre notre pays et les pays de la r\u00e9gion afin de contrecarrer les crimes transfrontaliers, \u00e0 travers des accords bilat\u00e9raux et multilat\u00e9raux.<\/p>\n<p>Le ministre de l&#8217;Int\u00e9rieur et de la D\u00e9centralisation a enfin expliqu\u00e9 que la mise en \u0153uvre de cette strat\u00e9gie a permis de prot\u00e9ger la patrie et le citoyen, \u00e0 reposser la menace terroriste et \u00e0 renforcer le d\u00e9veloppement et les institutions d\u00e9mocratiques dans un climat de libert\u00e9 et d&#8217;ouverture.<\/p>\n<p>La c\u00e9r\u00e9monie de sortie s\u2019est d\u00e9roul\u00e9e en pr\u00e9sence des ministres de la justice et de la d\u00e9fense, du pr\u00e9sident de la cour supr\u00eame, les chefs d&#8217;\u00e9tat-major, du procureur g\u00e9n\u00e9ral, des walis, de la pr\u00e9sidente de la communaut\u00e9 urbaine de Nouakchott et de la maire de la commune de Tavregh Zeina.<\/p>\n","protected":false},"excerpt":{"rendered":"<p>Le ministre de l&#8217;Int\u00e9rieur et de la D\u00e9centralisation, M. Ahmedou Ould Abdalla, accompagn\u00e9 du directeur g\u00e9n\u00e9ral de la suret\u00e9 nationale, G\u00e9n\u00e9ral de division Mohamed Ould Meguett, a supervis\u00e9, vendredi matin \u00e0 l&#8217;\u00c9cole Nationale de Police \u00e0 Nouakchott, la c\u00e9r<\/p>\n","protected":false},"author":1,"featured_media":160265,"comment_status":"closed","ping_status":"closed","sticky":false,"template":"","format":"standard","meta":{"footnotes":""},"categories":[],"tags":[63990,62741,62476],"class_list":["post-65420","post","type-post","status-publish","format-standard","has-post-thumbnail","hentry","tag-activites-gouvernementales","tag-khweira","tag-nouakchott"],"_links":{"self":[{"href":"https:\/\/ami.mr\/fr\/wp-json\/wp\/v2\/posts\/65420","targetHints":{"allow":["GET"]}}],"collection":[{"href":"https:\/\/ami.mr\/fr\/wp-json\/wp\/v2\/posts"}],"about":[{"href":"https:\/\/ami.mr\/fr\/wp-json\/wp\/v2\/types\/post"}],"author":[{"embeddable":true,"href":"https:\/\/ami.mr\/fr\/wp-json\/wp\/v2\/users\/1"}],"replies":[{"embeddable":true,"href":"https:\/\/ami.mr\/fr\/wp-json\/wp\/v2\/comments?post=65420"}],"version-history":[{"count":1,"href":"https:\/\/ami.mr\/fr\/wp-json\/wp\/v2\/posts\/65420\/revisions"}],"predecessor-version":[{"id":160264,"href":"https:\/\/ami.mr\/fr\/wp-json\/wp\/v2\/posts\/65420\/revisions\/160264"}],"wp:featuredmedia":[{"embeddable":true,"href":"https:\/\/ami.mr\/fr\/wp-json\/wp\/v2\/media\/160265"}],"wp:attachment":[{"href":"https:\/\/ami.mr\/fr\/wp-json\/wp\/v2\/media?parent=65420"}],"wp:term":[{"taxonomy":"category","embeddable":true,"href":"https:\/\/ami.mr\/fr\/wp-json\/wp\/v2\/categories?post=65420"},{"taxonomy":"post_tag","embeddable":true,"href":"https:\/\/ami.mr\/fr\/wp-json\/wp\/v2\/tags?post=65420"}],"curies":[{"name":"wp","href":"https:\/\/api.w.org\/{rel}","templated":true}]}}