{"id":65417,"date":"2017-12-29T11:42:21","date_gmt":"2017-12-29T11:42:21","guid":{"rendered":"http:\/\/192.168.64.2\/fr\/index.php\/2017\/12\/29\/le-president-de-la-republique-felicite-le-president-liberien-elu\/"},"modified":"2022-07-04T16:27:20","modified_gmt":"2022-07-04T16:27:20","slug":"le-president-de-la-republique-felicite-le-president-liberien-elu","status":"publish","type":"post","link":"https:\/\/ami.mr\/fr\/archives\/65417","title":{"rendered":"Le Pr\u00e9sident de la R\u00e9publique f\u00e9licit\u00e9 le pr\u00e9sident lib\u00e9rien \u00e9lu"},"content":{"rendered":"<p>Le Pr\u00e9sident de la R\u00e9publique, Son Excellence Monsieur Mohamed Ould Abdel Aziz a adress\u00e9 le message de f\u00e9licitations qui suit \u00e0 Son Excellence Monsieur George Weah, pr\u00e9sident \u00e9lu de la R\u00e9publique du Liberia:<\/p>\n<p>&#8221; Excellence et Cher fr\u00e8re,<\/p>\n<p>Il m&#8217;est agr\u00e9able, \u00e0 l&#8217;occasion de votre \u00e9lection en tant que pr\u00e9sident de la R\u00e9publique s\u0153ur du Liberia, de vous adresser nos chaleureuses f\u00e9licitations et nos meilleurs v\u0153ux de r\u00e9ussite pour votre Excellence dans vos hautes missions, de progr\u00e8s et de prosp\u00e9rit\u00e9 pour le peuple lib\u00e9rien fr\u00e8re.<\/p>\n<p>Je saisi cette occasion pour vous r\u00e9it\u00e9rer notre volont\u00e9 permanente d&#8217;\u0153uvrer pour le renforcement et le d\u00e9veloppement des relations de fraternit\u00e9 et de coop\u00e9ration existant entre nos deux pays dans l&#8217;int\u00e9r\u00eat commun et conform\u00e9ment aux espoirs de nos deux peuples fr\u00e8res.<\/p>\n<p>Veuillez, agr\u00e9er, Excellence et cher fr\u00e8re, l&#8217;expression de ma tr\u00e8s haute consid\u00e9ration.<\/p>\n<p>Votre fr\u00e8re Mohamed Ould Abdel Aziz&#8221;<\/p>\n","protected":false},"excerpt":{"rendered":"<p>Le Pr\u00e9sident de la R\u00e9publique, Son Excellence Monsieur Mohamed Ould Abdel Aziz a adress\u00e9 le message de f\u00e9licitations qui suit \u00e0 Son Excellence Monsieur George Weah, pr\u00e9sident \u00e9lu d<\/p>\n","protected":false},"author":1,"featured_media":160262,"comment_status":"closed","ping_status":"closed","sticky":false,"template":"","format":"standard","meta":{"footnotes":""},"categories":[],"tags":[63991,62476,62753],"class_list":["post-65417","post","type-post","status-publish","format-standard","has-post-thumbnail","hentry","tag-activites-presidentielles","tag-nouakchott","tag-rabani"],"_links":{"self":[{"href":"https:\/\/ami.mr\/fr\/wp-json\/wp\/v2\/posts\/65417","targetHints":{"allow":["GET"]}}],"collection":[{"href":"https:\/\/ami.mr\/fr\/wp-json\/wp\/v2\/posts"}],"about":[{"href":"https:\/\/ami.mr\/fr\/wp-json\/wp\/v2\/types\/post"}],"author":[{"embeddable":true,"href":"https:\/\/ami.mr\/fr\/wp-json\/wp\/v2\/users\/1"}],"replies":[{"embeddable":true,"href":"https:\/\/ami.mr\/fr\/wp-json\/wp\/v2\/comments?post=65417"}],"version-history":[{"count":1,"href":"https:\/\/ami.mr\/fr\/wp-json\/wp\/v2\/posts\/65417\/revisions"}],"predecessor-version":[{"id":160261,"href":"https:\/\/ami.mr\/fr\/wp-json\/wp\/v2\/posts\/65417\/revisions\/160261"}],"wp:featuredmedia":[{"embeddable":true,"href":"https:\/\/ami.mr\/fr\/wp-json\/wp\/v2\/media\/160262"}],"wp:attachment":[{"href":"https:\/\/ami.mr\/fr\/wp-json\/wp\/v2\/media?parent=65417"}],"wp:term":[{"taxonomy":"category","embeddable":true,"href":"https:\/\/ami.mr\/fr\/wp-json\/wp\/v2\/categories?post=65417"},{"taxonomy":"post_tag","embeddable":true,"href":"https:\/\/ami.mr\/fr\/wp-json\/wp\/v2\/tags?post=65417"}],"curies":[{"name":"wp","href":"https:\/\/api.w.org\/{rel}","templated":true}]}}