{"id":65416,"date":"2017-12-29T11:41:36","date_gmt":"2017-12-29T11:41:36","guid":{"rendered":"http:\/\/192.168.64.2\/fr\/index.php\/2017\/12\/29\/poursuite-en-assaba-des-activites-de-sensibilisation-sur-le-changement-detalon-de-louguiya\/"},"modified":"2022-07-04T16:27:19","modified_gmt":"2022-07-04T16:27:19","slug":"poursuite-en-assaba-des-activites-de-sensibilisation-sur-le-changement-detalon-de-louguiya","status":"publish","type":"post","link":"https:\/\/ami.mr\/fr\/archives\/65416","title":{"rendered":"Poursuite en Assaba des activit\u00e9s de sensibilisation sur le changement d\u2019\u00e9talon de l\u2019Ouguiya"},"content":{"rendered":"<p>Les activit\u00e9s de sensibilisation sur le changement d\u2019\u00e9talon de l\u2019Ouguiya se poursuivent pour la troisi\u00e8me journ\u00e9e cons\u00e9cutive en Assaba.<\/p>\n<p>Dans ce cadre, le wali de l\u2019Assaba, M. Mohamed El Hacen Ould Mohamed Saad, a pr\u00e9sid\u00e9, vendredi \u00e0 Kiffa, une r\u00e9union \u00e0 laquelle ont assist\u00e9 les acteurs locaux, maires et notables de la wilaya.<\/p>\n<p>Le wali a abord\u00e9 dans son intervention le but vis\u00e9 par la r\u00e9union et l\u2019importance de la sensibilisation autour du changement d\u2019\u00e9talon de la monnaie nationale annonc\u00e9 par le Pr\u00e9sident de la R\u00e9publique \u00e0 partir de la ville de Ka\u00e9di \u00e0 l\u2019occasion de la comm\u00e9moration du 57\u00e8me anniversaire de l\u2019ind\u00e9pendance nationale.<\/p>\n<p>Il a demand\u00e9 \u00e0 tout le monde de contribuer \u00e0 la sensibilisation des citoyens sur l\u2019importance de ce changement et sur ses objectifs, soulignant que les nouveaux billets et les pi\u00e8ces de monnaie vont entrer en circulation \u00e0 partir du 1er janvier 2018.<\/p>\n<p>Il a \u00e9galement indiqu\u00e9 que les banques, le Tr\u00e9sor et Mauripost seront pr\u00eats pour commencer l\u2019op\u00e9ration \u00e0 la date fix\u00e9e.<\/p>\n<p>Pour sa part, le conseiller du Gouverneur de la Banque Centrale de Mauritanie (BCM), M. Mohamed Lemine Ould El Haj Sidi, a pr\u00e9sent\u00e9 un expos\u00e9 d\u00e9taill\u00e9 sur les \u00e9l\u00e9ments de s\u00e9curit\u00e9 qui prot\u00e8ge la nouvelle monnaie, les d\u00e9lais impartis pour le retrait de la circulation des billets et des pi\u00e8ces de l\u2019ancienne monnaie.<\/p>\n<p>La r\u00e9union s\u2019est d\u00e9roul\u00e9e en pr\u00e9sence du hakem adjoint de la moughataa de Kiffa.<\/p>\n","protected":false},"excerpt":{"rendered":"<p>Les activit\u00e9s de sensibilisation sur le changement d\u2019\u00e9talon de l\u2019Ouguiya se poursuivent pour la troisi\u00e8me journ\u00e9e cons\u00e9cutive en Assaba.<\/p>\n<p>Dans ce cadre, le wali de l\u2019Assaba, M. Mohamed El Hacen Ould Mohamed Saad, a pr\u00e9sid\u00e9, vendredi \u00e0 Kiffa, une r\u00e9union<\/p>\n","protected":false},"author":1,"featured_media":0,"comment_status":"closed","ping_status":"closed","sticky":false,"template":"","format":"standard","meta":{"footnotes":""},"categories":[8672],"tags":[62484,62753],"class_list":["post-65416","post","type-post","status-publish","format-standard","hentry","category-8672","tag-kiffa","tag-rabani"],"_links":{"self":[{"href":"https:\/\/ami.mr\/fr\/wp-json\/wp\/v2\/posts\/65416","targetHints":{"allow":["GET"]}}],"collection":[{"href":"https:\/\/ami.mr\/fr\/wp-json\/wp\/v2\/posts"}],"about":[{"href":"https:\/\/ami.mr\/fr\/wp-json\/wp\/v2\/types\/post"}],"author":[{"embeddable":true,"href":"https:\/\/ami.mr\/fr\/wp-json\/wp\/v2\/users\/1"}],"replies":[{"embeddable":true,"href":"https:\/\/ami.mr\/fr\/wp-json\/wp\/v2\/comments?post=65416"}],"version-history":[{"count":1,"href":"https:\/\/ami.mr\/fr\/wp-json\/wp\/v2\/posts\/65416\/revisions"}],"predecessor-version":[{"id":160260,"href":"https:\/\/ami.mr\/fr\/wp-json\/wp\/v2\/posts\/65416\/revisions\/160260"}],"wp:attachment":[{"href":"https:\/\/ami.mr\/fr\/wp-json\/wp\/v2\/media?parent=65416"}],"wp:term":[{"taxonomy":"category","embeddable":true,"href":"https:\/\/ami.mr\/fr\/wp-json\/wp\/v2\/categories?post=65416"},{"taxonomy":"post_tag","embeddable":true,"href":"https:\/\/ami.mr\/fr\/wp-json\/wp\/v2\/tags?post=65416"}],"curies":[{"name":"wp","href":"https:\/\/api.w.org\/{rel}","templated":true}]}}