{"id":65095,"date":"2017-12-15T16:00:41","date_gmt":"2017-12-15T16:00:41","guid":{"rendered":"http:\/\/192.168.64.2\/fr\/index.php\/2017\/12\/15\/reunion-de-dialogue-politique-entre-le-gouvernement-mauritanien-et-lunion-europeenne\/"},"modified":"2022-07-04T16:18:20","modified_gmt":"2022-07-04T16:18:20","slug":"reunion-de-dialogue-politique-entre-le-gouvernement-mauritanien-et-lunion-europeenne","status":"publish","type":"post","link":"https:\/\/ami.mr\/fr\/archives\/65095","title":{"rendered":"R\u00c9UNION DE DIALOGUE POLITIQUE ENTRE LE GOUVERNEMENT MAURITANIEN ET L&#8217;UNION EUROP\u00c9ENNE"},"content":{"rendered":"<p>Le Premier ministre, M. Yahya Ould Hademine a pr\u00e9sid\u00e9 vendredi dans la salle de r\u00e9union du Premier minist\u00e8re \u00e0 Nouakchott les travaux du dialogue politique entre le gouvernement mauritanien et l\u2019Union Europ\u00e9enne donnant lieu au communiqu\u00e9 de presse conjoint suivant :<\/p>\n<p>&#8220;La R\u00e9publique Islamique de Mauritanie et l&#8217;Union europ\u00e9enne se sont r\u00e9unies ce vendredi 15 d\u00e9cembre 2017 \u00e0 la Primature pour leur dialogue politique r\u00e9gulier.<\/p>\n<p>Ce dialogue politique est pr\u00e9vu par l\u2019Accord de Cotonou qui constitue le cadre des relations entre l&#8217;Union europ\u00e9enne et les pays de l\u2019Afrique, des Cara\u00efbes et du Pacifique (ACP).<\/p>\n<p>La r\u00e9union s\u2019est d\u00e9roul\u00e9e sous la pr\u00e9sidence de son Excellence le Premier Ministre, M. Yahya Ould Hademine, et en pr\u00e9sence des Ministres des Affaires \u00e9trang\u00e8res et de la Coop\u00e9ration, de l&#8217;Int\u00e9rieur et de la d\u00e9centralisation, de l\u2019\u00e9conomie et des finances, des P\u00eaches et de l&#8217;\u00e9conomie maritime, des relations avec le parlement et la soci\u00e9t\u00e9 civile, la Ministre Secr\u00e9taire G\u00e9n\u00e9rale du Gouvernement, la directrice de Cabinet du Premier Ministre, les conseillers du Premier Ministre aux Affaires \u00e9conomiques, aux Droits de l&#8217;homme, et \u00e0 la communication, et le conseiller du Premier ministre pr\u00e9sident de la commission nationale de la transparence des industries extractives; ainsi que des Ambassadeurs de l&#8217;Union europ\u00e9enne, de l\u2019Allemagne, de la France, et du Royaume d&#8217;Espagne.<\/p>\n<p>Lors de cette rencontre, les deux parties ont pass\u00e9 en revue les relations bilat\u00e9rales ainsi que les affaires r\u00e9gionales et internationales d\u2019int\u00e9r\u00eat commun dans un esprit de partenariat et de coop\u00e9ration. Les \u00e9changes ont \u00e9t\u00e9 constructifs sur la base d\u2019un respect mutuel.<\/p>\n<p>Les deux parties continueront \u00e0 \u0153uvrer ensemble pour raffermir davantage les relations entre la Mauritanie et l&#8217;Union europ\u00e9enne et de coop\u00e9rer dans tous les domaines dans un esprit de partenariat fructueux.<\/p>\n<p>Fait \u00e0 Nouakchott le 15 D\u00e9cembre 2017&#8221;<\/p>\n","protected":false},"excerpt":{"rendered":"<p>Le Premier ministre, M. Yahya Ould Hademine a pr\u00e9sid\u00e9 vendredi dans la salle de r\u00e9union du Premier minist\u00e8re \u00e0 Nouakchott les travaux du dialogue politique entre le gouvernement ma<\/p>\n","protected":false},"author":1,"featured_media":159940,"comment_status":"closed","ping_status":"closed","sticky":false,"template":"","format":"standard","meta":{"footnotes":""},"categories":[],"tags":[63990,62741,62757,62476],"class_list":["post-65095","post","type-post","status-publish","format-standard","has-post-thumbnail","hentry","tag-activites-gouvernementales","tag-khweira","tag-nomma","tag-nouakchott"],"_links":{"self":[{"href":"https:\/\/ami.mr\/fr\/wp-json\/wp\/v2\/posts\/65095","targetHints":{"allow":["GET"]}}],"collection":[{"href":"https:\/\/ami.mr\/fr\/wp-json\/wp\/v2\/posts"}],"about":[{"href":"https:\/\/ami.mr\/fr\/wp-json\/wp\/v2\/types\/post"}],"author":[{"embeddable":true,"href":"https:\/\/ami.mr\/fr\/wp-json\/wp\/v2\/users\/1"}],"replies":[{"embeddable":true,"href":"https:\/\/ami.mr\/fr\/wp-json\/wp\/v2\/comments?post=65095"}],"version-history":[{"count":1,"href":"https:\/\/ami.mr\/fr\/wp-json\/wp\/v2\/posts\/65095\/revisions"}],"predecessor-version":[{"id":159939,"href":"https:\/\/ami.mr\/fr\/wp-json\/wp\/v2\/posts\/65095\/revisions\/159939"}],"wp:featuredmedia":[{"embeddable":true,"href":"https:\/\/ami.mr\/fr\/wp-json\/wp\/v2\/media\/159940"}],"wp:attachment":[{"href":"https:\/\/ami.mr\/fr\/wp-json\/wp\/v2\/media?parent=65095"}],"wp:term":[{"taxonomy":"category","embeddable":true,"href":"https:\/\/ami.mr\/fr\/wp-json\/wp\/v2\/categories?post=65095"},{"taxonomy":"post_tag","embeddable":true,"href":"https:\/\/ami.mr\/fr\/wp-json\/wp\/v2\/tags?post=65095"}],"curies":[{"name":"wp","href":"https:\/\/api.w.org\/{rel}","templated":true}]}}