{"id":64990,"date":"2017-12-11T21:46:51","date_gmt":"2017-12-11T21:46:51","guid":{"rendered":"http:\/\/192.168.64.2\/fr\/index.php\/2017\/12\/11\/la-ministre-deleguee-recoit-en-audience-lambassadeur-despagne-accredite-aupres-de-notre-pays-et-le-vice-conseiller-pour-laction-exterieure-du-gouvernement-des-iles-canaries\/"},"modified":"2022-07-04T16:15:47","modified_gmt":"2022-07-04T16:15:47","slug":"la-ministre-deleguee-recoit-en-audience-lambassadeur-despagne-accredite-aupres-de-notre-pays-et-le-vice-conseiller-pour-laction-exterieure-du-gouvernement-des-iles-canaries","status":"publish","type":"post","link":"https:\/\/ami.mr\/fr\/archives\/64990","title":{"rendered":"La ministre d\u00e9l\u00e9gu\u00e9e re\u00e7oit en audience l&#8217;ambassadeur d\u2019Espagne accr\u00e9dit\u00e9 aupr\u00e8s de notre pays et le Vice-conseiller pour l&#8217;action ext\u00e9rieure du gouvernement des Iles Canaries"},"content":{"rendered":"<p>Mme la ministre d\u00e9l\u00e9gu\u00e9e aupr\u00e8s du ministre des affaires \u00e9trang\u00e8res et de la coop\u00e9ration, charg\u00e9e des affaires maghr\u00e9bines, africaines et des mauritaniens de l&#8217;\u00e9tranger, Mme Khadijetou Mbarek Fall, a re\u00e7u aujourd&#8217;hui en audience dans son bureau, SEM. Jesus Ignacio Santos Agudo, Ambassadeur du Royaume d\u2019Espagne accr\u00e9dit\u00e9 aupr\u00e8s de notre pays, et le vice-conseiller pour l&#8217;action ext\u00e9rieure du gouvernement des Iles Canaries, M. Luis Padilla Macabeo.<\/p>\n<p>Les entretiens ont port\u00e9 sur les relations bilat\u00e9rales et les voies et moyens de les renforcer davantage dans l\u2019int\u00e9r\u00eat des deux pays amis.<\/p>\n<p>L&#8217;audience s&#8217;est d\u00e9roul\u00e9e en pr\u00e9sence de l\u2019ambassadeur Mohamed Saleck Ould Ahmed Banemou, directeur de la communication, porte-parole du minist\u00e8re.<\/p>\n","protected":false},"excerpt":{"rendered":"<p>Mme la ministre d\u00e9l\u00e9gu\u00e9e aupr\u00e8s du ministre des affaires \u00e9trang\u00e8res et de la coop\u00e9ration, charg\u00e9e des affaires maghr\u00e9bines, africaines et des mauritaniens de l&#8217;\u00e9tranger, Mme Khadijetou Mbarek Fall, a re\u00e7u aujourd&#8217;hui en audience dans son bureau, SEM<\/p>\n","protected":false},"author":1,"featured_media":159835,"comment_status":"closed","ping_status":"closed","sticky":false,"template":"","format":"standard","meta":{"footnotes":""},"categories":[],"tags":[63990,62741,62476],"class_list":["post-64990","post","type-post","status-publish","format-standard","has-post-thumbnail","hentry","tag-activites-gouvernementales","tag-khweira","tag-nouakchott"],"_links":{"self":[{"href":"https:\/\/ami.mr\/fr\/wp-json\/wp\/v2\/posts\/64990","targetHints":{"allow":["GET"]}}],"collection":[{"href":"https:\/\/ami.mr\/fr\/wp-json\/wp\/v2\/posts"}],"about":[{"href":"https:\/\/ami.mr\/fr\/wp-json\/wp\/v2\/types\/post"}],"author":[{"embeddable":true,"href":"https:\/\/ami.mr\/fr\/wp-json\/wp\/v2\/users\/1"}],"replies":[{"embeddable":true,"href":"https:\/\/ami.mr\/fr\/wp-json\/wp\/v2\/comments?post=64990"}],"version-history":[{"count":1,"href":"https:\/\/ami.mr\/fr\/wp-json\/wp\/v2\/posts\/64990\/revisions"}],"predecessor-version":[{"id":159834,"href":"https:\/\/ami.mr\/fr\/wp-json\/wp\/v2\/posts\/64990\/revisions\/159834"}],"wp:featuredmedia":[{"embeddable":true,"href":"https:\/\/ami.mr\/fr\/wp-json\/wp\/v2\/media\/159835"}],"wp:attachment":[{"href":"https:\/\/ami.mr\/fr\/wp-json\/wp\/v2\/media?parent=64990"}],"wp:term":[{"taxonomy":"category","embeddable":true,"href":"https:\/\/ami.mr\/fr\/wp-json\/wp\/v2\/categories?post=64990"},{"taxonomy":"post_tag","embeddable":true,"href":"https:\/\/ami.mr\/fr\/wp-json\/wp\/v2\/tags?post=64990"}],"curies":[{"name":"wp","href":"https:\/\/api.w.org\/{rel}","templated":true}]}}