{"id":64989,"date":"2017-12-11T21:37:47","date_gmt":"2017-12-11T21:37:47","guid":{"rendered":"http:\/\/192.168.64.2\/fr\/index.php\/2017\/12\/11\/session-de-formation-a-nema-pour-lappui-des-capacites-en-matiere-de-lutte-contre-lanalphabetisme\/"},"modified":"2022-07-04T16:15:46","modified_gmt":"2022-07-04T16:15:46","slug":"session-de-formation-a-nema-pour-lappui-des-capacites-en-matiere-de-lutte-contre-lanalphabetisme","status":"publish","type":"post","link":"https:\/\/ami.mr\/fr\/archives\/64989","title":{"rendered":"Session de formation \u00e0 N\u00e9ma pour l\u2019appui des capacit\u00e9s en mati\u00e8re de lutte contre l\u2019analphab\u00e9tisme"},"content":{"rendered":"<p>La capitale du Hodh Charghi a abrit\u00e9 lundi une session de formation en mati\u00e8re d\u2019appui des capacit\u00e9s en mati\u00e8re de lutte contre l\u2019analphab\u00e9tisme et dans le domaine de l\u2019enseignement fondamental priv\u00e9 organis\u00e9e par la commission nationale de la culture de l\u2019\u00e9ducation et des sciences en collaboration avec le minist\u00e8re des affaires islamiques et de l\u2019enseignement originel et le minist\u00e8re de l\u2019\u00e9ducation nationale avec l\u2019appui de du bureau r\u00e9gional de l\u2019Unesco \u00e0 Rabat.<\/p>\n<p>Profiteront de cette formation, qui dure trois jours, 26 participants venant des d\u00e9partements des affaires islamiques et de l\u2019\u00e9ducation nationale.<\/p>\n","protected":false},"excerpt":{"rendered":"<p>La capitale du Hodh Charghi a abrit\u00e9 lundi une session de formation en mati\u00e8re d\u2019appui des capacit\u00e9s en mati\u00e8re de lutte contre l\u2019analphab\u00e9tisme et dans le domaine de l\u2019enseignemen<\/p>\n","protected":false},"author":1,"featured_media":0,"comment_status":"closed","ping_status":"closed","sticky":false,"template":"","format":"standard","meta":{"footnotes":""},"categories":[8672],"tags":[62741,62490],"class_list":["post-64989","post","type-post","status-publish","format-standard","hentry","category-8672","tag-khweira","tag-nema"],"_links":{"self":[{"href":"https:\/\/ami.mr\/fr\/wp-json\/wp\/v2\/posts\/64989","targetHints":{"allow":["GET"]}}],"collection":[{"href":"https:\/\/ami.mr\/fr\/wp-json\/wp\/v2\/posts"}],"about":[{"href":"https:\/\/ami.mr\/fr\/wp-json\/wp\/v2\/types\/post"}],"author":[{"embeddable":true,"href":"https:\/\/ami.mr\/fr\/wp-json\/wp\/v2\/users\/1"}],"replies":[{"embeddable":true,"href":"https:\/\/ami.mr\/fr\/wp-json\/wp\/v2\/comments?post=64989"}],"version-history":[{"count":1,"href":"https:\/\/ami.mr\/fr\/wp-json\/wp\/v2\/posts\/64989\/revisions"}],"predecessor-version":[{"id":159833,"href":"https:\/\/ami.mr\/fr\/wp-json\/wp\/v2\/posts\/64989\/revisions\/159833"}],"wp:attachment":[{"href":"https:\/\/ami.mr\/fr\/wp-json\/wp\/v2\/media?parent=64989"}],"wp:term":[{"taxonomy":"category","embeddable":true,"href":"https:\/\/ami.mr\/fr\/wp-json\/wp\/v2\/categories?post=64989"},{"taxonomy":"post_tag","embeddable":true,"href":"https:\/\/ami.mr\/fr\/wp-json\/wp\/v2\/tags?post=64989"}],"curies":[{"name":"wp","href":"https:\/\/api.w.org\/{rel}","templated":true}]}}