{"id":64987,"date":"2017-12-11T21:03:10","date_gmt":"2017-12-11T21:03:10","guid":{"rendered":"http:\/\/192.168.64.2\/fr\/index.php\/2017\/12\/11\/la-commission-financiere-de-lassemblee-nationale-discute-le-budget-du-ministere-de-lequipement-et-des-transports\/"},"modified":"2022-07-04T16:15:42","modified_gmt":"2022-07-04T16:15:42","slug":"la-commission-financiere-de-lassemblee-nationale-discute-le-budget-du-ministere-de-lequipement-et-des-transports","status":"publish","type":"post","link":"https:\/\/ami.mr\/fr\/archives\/64987","title":{"rendered":"La commission financi\u00e8re de l&#8217;Assembl\u00e9e Nationale discute le budget du minist\u00e8re de l&#8217;\u00e9quipement et des transports"},"content":{"rendered":"<p>La commission financi\u00e8re de l&#8217;Assembl\u00e9e Nationale a consacr\u00e9 la r\u00e9union qu&#8217;elle a tenue, lundi soir, sous la pr\u00e9sidence de M. Taleb Moustaph Ould Mohamed Lemine, pr\u00e9sident de la commission, \u00e0 la discussion du projet de budget du minist\u00e8re de l&#8217;Equipement et des Transports pour l&#8217;ann\u00e9e 2018.<\/p>\n<p>Le budget en question s&#8217;\u00e9l\u00e8ve \u00e0 31 milliards 120 millions 556 milles 784 ouguiyas.<\/p>\n<p>Au cours de la r\u00e9union, la commission a suivi un expos\u00e9 pr\u00e9sent\u00e9 par le ministre de l&#8217;\u00e9quipement et des transports, M. Mohamed Abdallahi Ould Oudaa dans lequel il a pass\u00e9 en revue les grandes lignes des diff\u00e9rents chapitres dudit budget.<\/p>\n","protected":false},"excerpt":{"rendered":"<p>La commission financi\u00e8re de l&#8217;Assembl\u00e9e Nationale a consacr\u00e9 la r\u00e9union qu&#8217;elle a tenue, lundi soir, sous la pr\u00e9sidence de M. Taleb Moustaph Ould Mohamed Lemine, pr\u00e9sident de la commission, \u00e0 la discussion du projet de budget du minist\u00e8re de l&#8217;Equipement<\/p>\n","protected":false},"author":1,"featured_media":159832,"comment_status":"closed","ping_status":"closed","sticky":false,"template":"","format":"standard","meta":{"footnotes":""},"categories":[],"tags":[63963,62741,62476],"class_list":["post-64987","post","type-post","status-publish","format-standard","has-post-thumbnail","hentry","tag-activites-parlementaires","tag-khweira","tag-nouakchott"],"_links":{"self":[{"href":"https:\/\/ami.mr\/fr\/wp-json\/wp\/v2\/posts\/64987","targetHints":{"allow":["GET"]}}],"collection":[{"href":"https:\/\/ami.mr\/fr\/wp-json\/wp\/v2\/posts"}],"about":[{"href":"https:\/\/ami.mr\/fr\/wp-json\/wp\/v2\/types\/post"}],"author":[{"embeddable":true,"href":"https:\/\/ami.mr\/fr\/wp-json\/wp\/v2\/users\/1"}],"replies":[{"embeddable":true,"href":"https:\/\/ami.mr\/fr\/wp-json\/wp\/v2\/comments?post=64987"}],"version-history":[{"count":1,"href":"https:\/\/ami.mr\/fr\/wp-json\/wp\/v2\/posts\/64987\/revisions"}],"predecessor-version":[{"id":159831,"href":"https:\/\/ami.mr\/fr\/wp-json\/wp\/v2\/posts\/64987\/revisions\/159831"}],"wp:featuredmedia":[{"embeddable":true,"href":"https:\/\/ami.mr\/fr\/wp-json\/wp\/v2\/media\/159832"}],"wp:attachment":[{"href":"https:\/\/ami.mr\/fr\/wp-json\/wp\/v2\/media?parent=64987"}],"wp:term":[{"taxonomy":"category","embeddable":true,"href":"https:\/\/ami.mr\/fr\/wp-json\/wp\/v2\/categories?post=64987"},{"taxonomy":"post_tag","embeddable":true,"href":"https:\/\/ami.mr\/fr\/wp-json\/wp\/v2\/tags?post=64987"}],"curies":[{"name":"wp","href":"https:\/\/api.w.org\/{rel}","templated":true}]}}