{"id":64888,"date":"2017-12-07T13:23:36","date_gmt":"2017-12-07T13:23:36","guid":{"rendered":"http:\/\/192.168.64.2\/fr\/index.php\/2017\/12\/07\/la-commission-financiere-de-lassemblee-nationale-examine-le-budget-du-ministere-des-affaires-sociales\/"},"modified":"2022-07-04T16:13:03","modified_gmt":"2022-07-04T16:13:03","slug":"la-commission-financiere-de-lassemblee-nationale-examine-le-budget-du-ministere-des-affaires-sociales","status":"publish","type":"post","link":"https:\/\/ami.mr\/fr\/archives\/64888","title":{"rendered":"La commission financi\u00e8re de l\u2019Assembl\u00e9e nationale examine le budget du minist\u00e8re des Affaires sociales"},"content":{"rendered":"<p>La commission financi\u00e8re de l\u2019Assembl\u00e9e nationale a consacr\u00e9 la r\u00e9union qu\u2019elle a tenue jeudi, sous la pr\u00e9sidence de son pr\u00e9sident M. Taleb Moustaph Ould Mohamed Lemine, \u00e0 l\u2019examen du budget du minist\u00e8re des Affaires sociales, de l\u2019Enfance et de la Famille, dans le cadre du projet de la loi des finances initiale pour l\u2019ann\u00e9e 2018.<\/p>\n<p>Au titre de ce projet de loi, le budget de ce d\u00e9partement minist\u00e9riel atteint 2.430.188.092 UM (Deux milliards quatre cent trente millions cent quatre huit vingt-huit mille quatre-vingt-douze Ouguiyas)<\/p>\n<p>La commission a suivi au cours de sa r\u00e9union un expos\u00e9 d\u00e9taill\u00e9 pr\u00e9sent\u00e9 par la ministre des Affaires sociales, de l\u2019Enfance et de la Famille, Mme Maimouna Mint Taghi dans lequel elle s\u2019est appesantie sur les principales lignes de ce budget.<\/p>\n","protected":false},"excerpt":{"rendered":"<p>La commission financi\u00e8re de l\u2019Assembl\u00e9e nationale a consacr\u00e9 la r\u00e9union qu\u2019elle a tenue jeudi, sous la pr\u00e9sidence de son pr\u00e9sident M. Taleb Moustaph Ould Mohamed Lemine, \u00e0 l\u2019examen du budget du minist\u00e8re des Affaires sociales, de l\u2019Enfance et de la Famill<\/p>\n","protected":false},"author":1,"featured_media":159733,"comment_status":"closed","ping_status":"closed","sticky":false,"template":"","format":"standard","meta":{"footnotes":""},"categories":[],"tags":[63990,62875,62476],"class_list":["post-64888","post","type-post","status-publish","format-standard","has-post-thumbnail","hentry","tag-activites-gouvernementales","tag-mekfoula","tag-nouakchott"],"_links":{"self":[{"href":"https:\/\/ami.mr\/fr\/wp-json\/wp\/v2\/posts\/64888","targetHints":{"allow":["GET"]}}],"collection":[{"href":"https:\/\/ami.mr\/fr\/wp-json\/wp\/v2\/posts"}],"about":[{"href":"https:\/\/ami.mr\/fr\/wp-json\/wp\/v2\/types\/post"}],"author":[{"embeddable":true,"href":"https:\/\/ami.mr\/fr\/wp-json\/wp\/v2\/users\/1"}],"replies":[{"embeddable":true,"href":"https:\/\/ami.mr\/fr\/wp-json\/wp\/v2\/comments?post=64888"}],"version-history":[{"count":1,"href":"https:\/\/ami.mr\/fr\/wp-json\/wp\/v2\/posts\/64888\/revisions"}],"predecessor-version":[{"id":159732,"href":"https:\/\/ami.mr\/fr\/wp-json\/wp\/v2\/posts\/64888\/revisions\/159732"}],"wp:featuredmedia":[{"embeddable":true,"href":"https:\/\/ami.mr\/fr\/wp-json\/wp\/v2\/media\/159733"}],"wp:attachment":[{"href":"https:\/\/ami.mr\/fr\/wp-json\/wp\/v2\/media?parent=64888"}],"wp:term":[{"taxonomy":"category","embeddable":true,"href":"https:\/\/ami.mr\/fr\/wp-json\/wp\/v2\/categories?post=64888"},{"taxonomy":"post_tag","embeddable":true,"href":"https:\/\/ami.mr\/fr\/wp-json\/wp\/v2\/tags?post=64888"}],"curies":[{"name":"wp","href":"https:\/\/api.w.org\/{rel}","templated":true}]}}