{"id":64497,"date":"2017-11-19T21:27:03","date_gmt":"2017-11-19T21:27:03","guid":{"rendered":"http:\/\/192.168.64.2\/fr\/index.php\/2017\/11\/19\/le-ministre-des-affaires-etrangeres-participe-a-une-reunion-extraordinaire-du-conseil-de-la-ligue-arabe\/"},"modified":"2022-07-04T16:01:49","modified_gmt":"2022-07-04T16:01:49","slug":"le-ministre-des-affaires-etrangeres-participe-a-une-reunion-extraordinaire-du-conseil-de-la-ligue-arabe","status":"publish","type":"post","link":"https:\/\/ami.mr\/fr\/archives\/64497","title":{"rendered":"Le ministre des Affaires \u00e9trang\u00e8res participe \u00e0 une r\u00e9union extraordinaire du Conseil de la Ligue arabe"},"content":{"rendered":"<p>Le ministre des Affaires \u00e9trang\u00e8res et de la coop\u00e9ration, Dr Isselkou Ould Ahmed Izidbih, a particip\u00e9, dimanche, \u00e0 la r\u00e9union extraordinaire du Conseil de la Ligue arabe au niveau minist\u00e9riel. La r\u00e9union \u00e9tait r\u00e9serv\u00e9e \u00e0 la ripostes aux ing\u00e9rences iraniennes dans la r\u00e9gion arabe. Le Conseil a \u00e9galement \u00e9tudi\u00e9 la d\u00e9cision de l&#8217;administration am\u00e9ricaine de proc\u00e9der \u00e0 la fermeture du bureau de l&#8217;OLP \u00e0 Washington et les implications de cette d\u00e9cision sur le processus de paix au Moyen-Orient. &#8221;<\/p>\n<p>Au cours de ce voyage, le ministre \u00e9tait accompagn\u00e9 de SEM Wedadi Ould Sidi Ha\u00efba, ambassadeur de notre pays au Caire et Repr\u00e9sentant permanent de la Mauritanie aupr\u00e8s de la Ligue des \u00c9tats arabes, et de SEM El Arby Ould Khtour, Ambassadeur, conseiller du Ministre des affaires \u00e9trang\u00e8res et de la coop\u00e9ration.<\/p>\n","protected":false},"excerpt":{"rendered":"<p>Le ministre des Affaires \u00e9trang\u00e8res et de la coop\u00e9ration, Dr Isselkou Ould Ahmed Izidbih, a particip\u00e9, dimanche, \u00e0 la r\u00e9union extraordinaire du Conseil de la Ligue arabe au niveau minist\u00e9riel<\/p>\n","protected":false},"author":1,"featured_media":159342,"comment_status":"closed","ping_status":"closed","sticky":false,"template":"","format":"standard","meta":{"footnotes":""},"categories":[],"tags":[63990,62743,62947],"class_list":["post-64497","post","type-post","status-publish","format-standard","has-post-thumbnail","hentry","tag-activites-gouvernementales","tag-le-caire","tag-mariemz"],"_links":{"self":[{"href":"https:\/\/ami.mr\/fr\/wp-json\/wp\/v2\/posts\/64497","targetHints":{"allow":["GET"]}}],"collection":[{"href":"https:\/\/ami.mr\/fr\/wp-json\/wp\/v2\/posts"}],"about":[{"href":"https:\/\/ami.mr\/fr\/wp-json\/wp\/v2\/types\/post"}],"author":[{"embeddable":true,"href":"https:\/\/ami.mr\/fr\/wp-json\/wp\/v2\/users\/1"}],"replies":[{"embeddable":true,"href":"https:\/\/ami.mr\/fr\/wp-json\/wp\/v2\/comments?post=64497"}],"version-history":[{"count":1,"href":"https:\/\/ami.mr\/fr\/wp-json\/wp\/v2\/posts\/64497\/revisions"}],"predecessor-version":[{"id":159341,"href":"https:\/\/ami.mr\/fr\/wp-json\/wp\/v2\/posts\/64497\/revisions\/159341"}],"wp:featuredmedia":[{"embeddable":true,"href":"https:\/\/ami.mr\/fr\/wp-json\/wp\/v2\/media\/159342"}],"wp:attachment":[{"href":"https:\/\/ami.mr\/fr\/wp-json\/wp\/v2\/media?parent=64497"}],"wp:term":[{"taxonomy":"category","embeddable":true,"href":"https:\/\/ami.mr\/fr\/wp-json\/wp\/v2\/categories?post=64497"},{"taxonomy":"post_tag","embeddable":true,"href":"https:\/\/ami.mr\/fr\/wp-json\/wp\/v2\/tags?post=64497"}],"curies":[{"name":"wp","href":"https:\/\/api.w.org\/{rel}","templated":true}]}}