{"id":64284,"date":"2017-11-10T10:37:42","date_gmt":"2017-11-10T10:37:42","guid":{"rendered":"http:\/\/192.168.64.2\/fr\/index.php\/2017\/11\/10\/le-president-de-la-republique-felicite-son-homologue-angolais-4\/"},"modified":"2022-07-04T15:56:29","modified_gmt":"2022-07-04T15:56:29","slug":"le-president-de-la-republique-felicite-son-homologue-angolais-4","status":"publish","type":"post","link":"https:\/\/ami.mr\/fr\/archives\/64284","title":{"rendered":"Le Pr\u00e9sident de la R\u00e9publique f\u00e9licite son homologue angolais"},"content":{"rendered":"<p>Le Pr\u00e9sident de la R\u00e9publique, Monsieur Mohamed Ould Abdel Aziz, a adress\u00e9 un message de f\u00e9licitations \u00e0 son excellence Jo\u00e3o Louren\u00e7o, Pr\u00e9sident de la R\u00e9publique d&#8217;Angola.<\/p>\n<p>Ce message est ainsi libell\u00e9:<\/p>\n<p>&#8220;Excellence et cher fr\u00e8re,<\/p>\n<p>A l&#8217;occasion de la c\u00e9l\u00e9bration par la R\u00e9publique angolaise s\u0153ur de sa f\u00eate nationale, il me plait d&#8217;exprimer \u00e0 votre excellence mes chaleureuses f\u00e9licitations ainsi que mes meilleurs v\u0153ux de sant\u00e9 et de bonheur pour vous m\u00eame, de progr\u00e8s et de prosp\u00e9rit\u00e9 pour le peuple angolais fr\u00e8re.<\/p>\n<p>C&#8217;est le lieu de renouveler \u00e0 votre excellence notre volont\u00e9 de poursuivre les efforts pour renforcer et d\u00e9velopper les relations de fraternit\u00e9 et de coop\u00e9ration existant entre nos deux pays pour servir les int\u00e9r\u00eats des deux peuples fr\u00e8res.<\/p>\n<p>Veuillez agr\u00e9er, Excellence et cher fr\u00e8re, l&#8217;expression de notre haute consid\u00e9ration.<\/p>\n<p>Votre Fr\u00e8re Mohamed Ould Abdel Aziz\u00bb.<\/p>\n","protected":false},"excerpt":{"rendered":"<p>Le Pr\u00e9sident de la R\u00e9publique, Monsieur Mohamed Ould Abdel Aziz, a adress\u00e9 un message de f\u00e9licitations \u00e0 son excellence Jo\u00e3o Louren\u00e7o, Pr\u00e9sident de la R\u00e9publique d&#8217;Angola.<\/p>\n<p>Ce m<\/p>\n","protected":false},"author":1,"featured_media":159129,"comment_status":"closed","ping_status":"closed","sticky":false,"template":"","format":"standard","meta":{"footnotes":""},"categories":[],"tags":[63991,63109,62875,62476],"class_list":["post-64284","post","type-post","status-publish","format-standard","has-post-thumbnail","hentry","tag-activites-presidentielles","tag-ahmedabd","tag-mekfoula","tag-nouakchott"],"_links":{"self":[{"href":"https:\/\/ami.mr\/fr\/wp-json\/wp\/v2\/posts\/64284","targetHints":{"allow":["GET"]}}],"collection":[{"href":"https:\/\/ami.mr\/fr\/wp-json\/wp\/v2\/posts"}],"about":[{"href":"https:\/\/ami.mr\/fr\/wp-json\/wp\/v2\/types\/post"}],"author":[{"embeddable":true,"href":"https:\/\/ami.mr\/fr\/wp-json\/wp\/v2\/users\/1"}],"replies":[{"embeddable":true,"href":"https:\/\/ami.mr\/fr\/wp-json\/wp\/v2\/comments?post=64284"}],"version-history":[{"count":1,"href":"https:\/\/ami.mr\/fr\/wp-json\/wp\/v2\/posts\/64284\/revisions"}],"predecessor-version":[{"id":159128,"href":"https:\/\/ami.mr\/fr\/wp-json\/wp\/v2\/posts\/64284\/revisions\/159128"}],"wp:featuredmedia":[{"embeddable":true,"href":"https:\/\/ami.mr\/fr\/wp-json\/wp\/v2\/media\/159129"}],"wp:attachment":[{"href":"https:\/\/ami.mr\/fr\/wp-json\/wp\/v2\/media?parent=64284"}],"wp:term":[{"taxonomy":"category","embeddable":true,"href":"https:\/\/ami.mr\/fr\/wp-json\/wp\/v2\/categories?post=64284"},{"taxonomy":"post_tag","embeddable":true,"href":"https:\/\/ami.mr\/fr\/wp-json\/wp\/v2\/tags?post=64284"}],"curies":[{"name":"wp","href":"https:\/\/api.w.org\/{rel}","templated":true}]}}