{"id":64278,"date":"2017-11-09T19:41:01","date_gmt":"2017-11-09T19:41:01","guid":{"rendered":"http:\/\/192.168.64.2\/fr\/index.php\/2017\/11\/09\/les-ministres-de-la-culture-et-des-affaires-sociales-commentent-les-resultats-de-la-reunion-du-conseil-des-ministres\/"},"modified":"2022-07-04T15:56:19","modified_gmt":"2022-07-04T15:56:19","slug":"les-ministres-de-la-culture-et-des-affaires-sociales-commentent-les-resultats-de-la-reunion-du-conseil-des-ministres","status":"publish","type":"post","link":"https:\/\/ami.mr\/fr\/archives\/64278","title":{"rendered":"Les ministres de la culture et des affaires sociales commentent les r\u00e9sultats de la r\u00e9union du Conseil des ministres"},"content":{"rendered":"<p>Le ministre de la culture et de l\u2019artisanat, le porte-parole officiel du gouvernement, Dr. Mohamed Lemine Ould Cheikh et son homologue, des affaires sociales, de l&#8217;enfance et de la famille, Mme Maymouna Mohamed Taghi, ont anim\u00e9 jeudi, \u00e0 Nouakchott, la s\u00e9ance consacr\u00e9e au commentaire des r\u00e9sultats de la r\u00e9union du conseil des ministres, organis\u00e9e quelques heures auparavant.<\/p>\n<p>\u00ab Le conseil a examin\u00e9 et approuv\u00e9 un ensemble de projets de lois, de d\u00e9crets et de communications dont une communication relative \u00e0 la prise en charge des soins des malades indigents \u00bb, a d\u00e9clar\u00e9 le porte-parole.<\/p>\n<p>R\u00e9pondant \u00e0 une question sur les propos du ministre mauritanien des affaires \u00e9trang\u00e8res, selon lesquelles, les autorit\u00e9s disposent d\u2019informations sures, selon lesquelles, l\u2019Etat du Qatar, s\u2019ing\u00e8re dans les affaires int\u00e9rieures nationales, et si ces r\u00e9v\u00e9lations sont \u00e0 l\u2019origine de la rupture des relations diplomatiques avec cet Etat, le ministre a dit :<\/p>\n<p>\u00ab le communiqu\u00e9 publi\u00e9 par le gouvernement mauritanien et relatif aux mobiles de la rupture de ses relations avec le Qatar, \u00e9voque, la collecte de notre pays, d\u2019un ensemble d\u2019observations sur les fr\u00e8res au Qatar, au cours des derni\u00e8res ann\u00e9es, d\u2019abord, en mati\u00e8re d\u2019incitation et de provocation, sous le label du printemps arabe, qui a caus\u00e9 des s\u00e9ditions, ayant conduit \u00e0 l\u2019implosion de certains pays arabes d\u2019une part et de l\u2019accueil de certains groupes et individus, impliqu\u00e9s directement ou indirectement dans le terrorisme, d\u2019autre part \u00bb.<\/p>\n<p>R\u00e9pondant \u00e0 une autre question, relative \u00e0 la publication de certains m\u00e9dias d\u2019un d\u00e9coupage administratif, dans le cadre de la mise en place pr\u00e9vue des conseils r\u00e9gionaux, le porte-parole, a cat\u00e9goriquement affirm\u00e9, que rien d\u2019officiel n\u2019a \u00e9t\u00e9 encore d\u00e9clar\u00e9 au sujet desdites instances \u00e9lectives.<\/p>\n<p>\u00ab Une commission est \u00e0 pied d\u2019\u0153uvre pour examiner la programmation et l\u2019organisation des conseils r\u00e9gionaux, mais, ne s\u2019est pas encore officiellement prononc\u00e9 sur ce sujet, jusqu\u2019\u00e0 cet instant \u00bb, a-t-il ajout\u00e9.<\/p>\n<p>R\u00e9pondant \u00e0 la question suivante, relative \u00e0 une pr\u00e9sum\u00e9e plainte, introduite contre le Hakem d\u2019Aoujeft, pour l\u2019attribution \u00e0 des habitants de 200 ou 300m2 du terrain destin\u00e9 \u00e0 abriter le lyc\u00e9e de la ville, le ministre a indiqu\u00e9, ne pas disposer d\u2019informations sur cette plainte, assurant toutefois, qu\u2019elle sera examin\u00e9e et fera l\u2019objet de mesures, si elle a \u00e9t\u00e9 d\u00e9pos\u00e9e.<\/p>\n<p>La ministre des affaires sociales, de l&#8217;enfance et de la famille a rappel\u00e9 d\u2019embl\u00e9e dans son commentaire, la place pr\u00e9pond\u00e9rante accord\u00e9e par Son Excellence le Pr\u00e9sident de la R\u00e9publique, Monsieur Mohamed Ould Abdel Aziz, dans son programme \u00e9lectoral, \u00e0 la prise en charge des malades indigents, dont la majorit\u00e9 n\u2019avaient pas un syst\u00e8me de prise en charge clair, dont par exemple les \u00e9vacuations \u00e0 l\u2019\u00e9tranger, soulignant que cette frange n\u00e9cessiteuse, dispose d\u00e9sormais d\u2019allocations et d\u2019aides, citant dans ce cadre la prise en charge en terme d\u2019h\u00e9modialyse et d\u2019examens des insuffisants r\u00e9naux indig\u00e8nes.<\/p>\n<p>\u00ab J\u2019ai pr\u00e9sent\u00e9 au Pr\u00e9sident de la R\u00e9publique, au cours de cette r\u00e9union du conseil des ministres, des pr\u00e9cisions sur cet aspect, depuis la cr\u00e9ation de la cellule de suivi des malades et l\u2019adoption des allocations, en plus de la cr\u00e9ation d\u2019une cellule d\u2019identification des handicap\u00e9s et du renforcement de la base des donn\u00e9es \u00bb, a-t-elle ajout\u00e9, affirmant que son d\u00e9partement prend en charge les n\u00e9cessiteux b\u00e9n\u00e9ficiant d\u2019une \u00e9vacuation officielle \u00e0 l\u2019\u00e9tranger du conseil de sant\u00e9, auxquels, est \u00e9galement accord\u00e9e une subvention financi\u00e8re.<\/p>\n<p>\u00ab L\u2019effectif des malades \u00e9vacu\u00e9s \u00e0 l&#8217;\u00e9tranger en 2009 a atteint 417 patients, enregistrant depuis, Dieu merci, une baisse, pour atteindre 92 personnes en 2017 ; en raison de l\u2019acc\u00e8s au pays, \u00e0 de nombreux services sanitaires, qui faisaient auparavant l\u2019objet d\u2019\u00e9vacuation \u00e0 l\u2019\u00e9tranger, avec la limitation exclusive aujourd\u2019hui, de ces \u00e9vacuations, aux seuls cas complexes chez les enfants, dont les op\u00e9rations \u00e0 c\u0153ur ouvert et les cas des personnes atteintes de tumeurs malignes \u00bb, a-t-elle conclu.<\/p>\n","protected":false},"excerpt":{"rendered":"<p>Le ministre de la culture et de l\u2019artisanat, le porte-parole officiel du gouvernement, Dr. Mohamed Lemine Ould Cheikh et son homologue, des affaires sociales, de l&#8217;enfance et de la famille, Mme Maymouna Mohamed Taghi, ont anim\u00e9 jeudi, \u00e0 Nouakchott, la s\u00e9a<\/p>\n","protected":false},"author":1,"featured_media":159123,"comment_status":"closed","ping_status":"closed","sticky":false,"template":"","format":"standard","meta":{"footnotes":""},"categories":[],"tags":[63990,62476,62747],"class_list":["post-64278","post","type-post","status-publish","format-standard","has-post-thumbnail","hentry","tag-activites-gouvernementales","tag-nouakchott","tag-s_bechire"],"_links":{"self":[{"href":"https:\/\/ami.mr\/fr\/wp-json\/wp\/v2\/posts\/64278","targetHints":{"allow":["GET"]}}],"collection":[{"href":"https:\/\/ami.mr\/fr\/wp-json\/wp\/v2\/posts"}],"about":[{"href":"https:\/\/ami.mr\/fr\/wp-json\/wp\/v2\/types\/post"}],"author":[{"embeddable":true,"href":"https:\/\/ami.mr\/fr\/wp-json\/wp\/v2\/users\/1"}],"replies":[{"embeddable":true,"href":"https:\/\/ami.mr\/fr\/wp-json\/wp\/v2\/comments?post=64278"}],"version-history":[{"count":1,"href":"https:\/\/ami.mr\/fr\/wp-json\/wp\/v2\/posts\/64278\/revisions"}],"predecessor-version":[{"id":159122,"href":"https:\/\/ami.mr\/fr\/wp-json\/wp\/v2\/posts\/64278\/revisions\/159122"}],"wp:featuredmedia":[{"embeddable":true,"href":"https:\/\/ami.mr\/fr\/wp-json\/wp\/v2\/media\/159123"}],"wp:attachment":[{"href":"https:\/\/ami.mr\/fr\/wp-json\/wp\/v2\/media?parent=64278"}],"wp:term":[{"taxonomy":"category","embeddable":true,"href":"https:\/\/ami.mr\/fr\/wp-json\/wp\/v2\/categories?post=64278"},{"taxonomy":"post_tag","embeddable":true,"href":"https:\/\/ami.mr\/fr\/wp-json\/wp\/v2\/tags?post=64278"}],"curies":[{"name":"wp","href":"https:\/\/api.w.org\/{rel}","templated":true}]}}