{"id":64274,"date":"2017-11-09T18:17:22","date_gmt":"2017-11-09T18:17:22","guid":{"rendered":"http:\/\/192.168.64.2\/fr\/index.php\/2017\/11\/09\/le-ministre-de-lassainissement-recoit-le-representant-de-lunicef\/"},"modified":"2022-07-04T15:56:12","modified_gmt":"2022-07-04T15:56:12","slug":"le-ministre-de-lassainissement-recoit-le-representant-de-lunicef","status":"publish","type":"post","link":"https:\/\/ami.mr\/fr\/archives\/64274","title":{"rendered":"Le ministre de l&#8217;assainissement re\u00e7oit le repr\u00e9sentant de l\u2019Unicef"},"content":{"rendered":"<p>Le ministre de l\u2019hydraulique et de l&#8217;assainissement, M. Yahya Ould Abd Dayem a re\u00e7u en audience dans son bureau jeudi \u00e0 Nouakchott, le repr\u00e9sentant de l\u2019Unicef en Mauritanie, M. Herv\u00e9 P\u00e9ri\u00e8s.<\/p>\n<p>La rencontre, qui a port\u00e9 sur les moyens susceptibles de renforcer la coop\u00e9ration entre la Mauritanie et cette organisation onusienne, s&#8217;est d\u00e9roul\u00e9e en pr\u00e9sence du secr\u00e9taire g\u00e9n\u00e9ral du minist\u00e8re.<\/p>\n","protected":false},"excerpt":{"rendered":"<p>Le ministre de l\u2019hydraulique et de l&#8217;assainissement, M. Yahya Ould Abd Dayem a re\u00e7u en audience dans son bureau jeudi \u00e0 Nouakchott, le repr\u00e9sentant de l\u2019Unicef en Mauritanie, M. Herv\u00e9 P\u00e9ri\u00e8s<\/p>\n","protected":false},"author":1,"featured_media":159119,"comment_status":"closed","ping_status":"closed","sticky":false,"template":"","format":"standard","meta":{"footnotes":""},"categories":[],"tags":[63990,62476,62747],"class_list":["post-64274","post","type-post","status-publish","format-standard","has-post-thumbnail","hentry","tag-activites-gouvernementales","tag-nouakchott","tag-s_bechire"],"_links":{"self":[{"href":"https:\/\/ami.mr\/fr\/wp-json\/wp\/v2\/posts\/64274","targetHints":{"allow":["GET"]}}],"collection":[{"href":"https:\/\/ami.mr\/fr\/wp-json\/wp\/v2\/posts"}],"about":[{"href":"https:\/\/ami.mr\/fr\/wp-json\/wp\/v2\/types\/post"}],"author":[{"embeddable":true,"href":"https:\/\/ami.mr\/fr\/wp-json\/wp\/v2\/users\/1"}],"replies":[{"embeddable":true,"href":"https:\/\/ami.mr\/fr\/wp-json\/wp\/v2\/comments?post=64274"}],"version-history":[{"count":1,"href":"https:\/\/ami.mr\/fr\/wp-json\/wp\/v2\/posts\/64274\/revisions"}],"predecessor-version":[{"id":159118,"href":"https:\/\/ami.mr\/fr\/wp-json\/wp\/v2\/posts\/64274\/revisions\/159118"}],"wp:featuredmedia":[{"embeddable":true,"href":"https:\/\/ami.mr\/fr\/wp-json\/wp\/v2\/media\/159119"}],"wp:attachment":[{"href":"https:\/\/ami.mr\/fr\/wp-json\/wp\/v2\/media?parent=64274"}],"wp:term":[{"taxonomy":"category","embeddable":true,"href":"https:\/\/ami.mr\/fr\/wp-json\/wp\/v2\/categories?post=64274"},{"taxonomy":"post_tag","embeddable":true,"href":"https:\/\/ami.mr\/fr\/wp-json\/wp\/v2\/tags?post=64274"}],"curies":[{"name":"wp","href":"https:\/\/api.w.org\/{rel}","templated":true}]}}