{"id":64270,"date":"2017-11-09T17:32:44","date_gmt":"2017-11-09T17:32:44","guid":{"rendered":"http:\/\/192.168.64.2\/fr\/index.php\/2017\/11\/09\/communique-du-conseil-des-ministres-257\/"},"modified":"2022-07-04T15:56:05","modified_gmt":"2022-07-04T15:56:05","slug":"communique-du-conseil-des-ministres-257","status":"publish","type":"post","link":"https:\/\/ami.mr\/fr\/archives\/64270","title":{"rendered":"Communiqu\u00e9 du conseil des ministres"},"content":{"rendered":"<p>Le Conseil des Ministres s&#8217;est r\u00e9uni le Jeudi 9 novembre 2017 sous la pr\u00e9sidence de Son Excellence Monsieur Mohamed Ould Abdel Aziz, Pr\u00e9sident de la R\u00e9publique.<\/p>\n<p>Le Conseil a examin\u00e9 et approuv\u00e9 un projet de loi autorisant la ratification de l\u2019accord de pr\u00eat sign\u00e9 le 13 octobre 2017 \u00e0 Washington entre la R\u00e9publique Islamique de Mauritanie et le Fonds de l\u2019OPEP pour le D\u00e9veloppement International (OFID), destin\u00e9 \u00e0 la participation au financement du Projet du Parc Eolien de Boulenoir.<\/p>\n<p>L\u2019accord objet du pr\u00e9sent projet de loi porte sur un pr\u00eat d\u2019un montant de dix huit millions de dollars am\u00e9ricains soit l\u2019\u00e9quivalent de 6.350.000.000 d\u2019ouguiyas remboursable sur une p\u00e9riode de 20 ans dont un diff\u00e9r\u00e9 de 5 ans, avec un taux d\u2019int\u00e9r\u00eat de 1.5% par an sur les montants du pr\u00eat retir\u00e9s et non rembours\u00e9s et une commission de service de 1% par an sur les montants du pr\u00eat retir\u00e9s et non rembours\u00e9s.<\/p>\n<p>Le Conseil a \u00e9galement examin\u00e9 et adopt\u00e9 un projet de d\u00e9cret modifiant certaines dispositions du d\u00e9cret n\u00b02011-222 du 22 septembre 2011 portant modification de certaines dispositions du d\u00e9cret n\u00b087-253 du 15 octobre 1987 relatif \u00e0 la cr\u00e9ation d\u2019un \u00e9tablissement public d\u00e9nomm\u00e9 Port Autonome de Nouakchott \u00ab Port de l\u2019Amiti\u00e9 \u00bb.<\/p>\n<p>Le Ministre des Affaires Etrang\u00e8res et de la Coop\u00e9ration a pr\u00e9sent\u00e9 une communication relative \u00e0 la situation internationale.<\/p>\n<p>Le Ministre de l\u2019Int\u00e9rieur et de la D\u00e9centralisation a pr\u00e9sent\u00e9 une communication relative \u00e0 la situation int\u00e9rieure.<\/p>\n<p>La Ministre des Affaires Sociales, de l\u2019Enfance et de la Famille a pr\u00e9sent\u00e9 une communication relative \u00e0 la prise en charge des soins des malades indigents.<\/p>\n<p>Cette communication fait le bilan des efforts consentis par les pouvoirs publics dans le domaine de la prise en charge des soins des malades indigents et<\/p>\n<p>propose un train de mesures tendant \u00e0 am\u00e9liorer la qualit\u00e9 des services rendus \u00e0 ces citoyens aussi ceux d\u2019entre eux qui b\u00e9n\u00e9ficient d\u2019une \u00e9vacuation \u00e0 l\u2019\u00e9tranger que ceux trait\u00e9s au niveau des structures hospitali\u00e8res nationales.<\/p>\n","protected":false},"excerpt":{"rendered":"<p>Le Conseil des Ministres s&#8217;est r\u00e9uni le Jeudi 9 novembre 2017 sous la pr\u00e9sidence de Son Excellence Monsieur Mohamed Ould Abdel Aziz, Pr\u00e9sident de la R\u00e9publique.<\/p>\n<p>Le Conseil a ex<\/p>\n","protected":false},"author":1,"featured_media":159115,"comment_status":"closed","ping_status":"closed","sticky":false,"template":"","format":"standard","meta":{"footnotes":""},"categories":[],"tags":[63991,62476,62747],"class_list":["post-64270","post","type-post","status-publish","format-standard","has-post-thumbnail","hentry","tag-activites-presidentielles","tag-nouakchott","tag-s_bechire"],"_links":{"self":[{"href":"https:\/\/ami.mr\/fr\/wp-json\/wp\/v2\/posts\/64270","targetHints":{"allow":["GET"]}}],"collection":[{"href":"https:\/\/ami.mr\/fr\/wp-json\/wp\/v2\/posts"}],"about":[{"href":"https:\/\/ami.mr\/fr\/wp-json\/wp\/v2\/types\/post"}],"author":[{"embeddable":true,"href":"https:\/\/ami.mr\/fr\/wp-json\/wp\/v2\/users\/1"}],"replies":[{"embeddable":true,"href":"https:\/\/ami.mr\/fr\/wp-json\/wp\/v2\/comments?post=64270"}],"version-history":[{"count":1,"href":"https:\/\/ami.mr\/fr\/wp-json\/wp\/v2\/posts\/64270\/revisions"}],"predecessor-version":[{"id":159114,"href":"https:\/\/ami.mr\/fr\/wp-json\/wp\/v2\/posts\/64270\/revisions\/159114"}],"wp:featuredmedia":[{"embeddable":true,"href":"https:\/\/ami.mr\/fr\/wp-json\/wp\/v2\/media\/159115"}],"wp:attachment":[{"href":"https:\/\/ami.mr\/fr\/wp-json\/wp\/v2\/media?parent=64270"}],"wp:term":[{"taxonomy":"category","embeddable":true,"href":"https:\/\/ami.mr\/fr\/wp-json\/wp\/v2\/categories?post=64270"},{"taxonomy":"post_tag","embeddable":true,"href":"https:\/\/ami.mr\/fr\/wp-json\/wp\/v2\/tags?post=64270"}],"curies":[{"name":"wp","href":"https:\/\/api.w.org\/{rel}","templated":true}]}}