{"id":64269,"date":"2017-11-09T15:57:11","date_gmt":"2017-11-09T15:57:11","guid":{"rendered":"http:\/\/192.168.64.2\/fr\/index.php\/2017\/11\/09\/atar-demarrage-dun-atelier-sur-la-realite-et-les-perspectives-du-developpement-regional-dans-les-wilayas-du-nord\/"},"modified":"2022-07-04T15:56:05","modified_gmt":"2022-07-04T15:56:05","slug":"atar-demarrage-dun-atelier-sur-la-realite-et-les-perspectives-du-developpement-regional-dans-les-wilayas-du-nord","status":"publish","type":"post","link":"https:\/\/ami.mr\/fr\/archives\/64269","title":{"rendered":"Atar : D\u00e9marrage d\u2019un atelier sur la r\u00e9alit\u00e9 et les perspectives du d\u00e9veloppement r\u00e9gional dans les wilayas du nord"},"content":{"rendered":"<p>Le wali de l\u2019Adrar, M. Cheikh Ould Abdallahi Ould Ewah a supervis\u00e9 jeudi \u00e0 Atar le d\u00e9marrage d\u2019un atelier sur la r\u00e9alit\u00e9 et les perspectives du d\u00e9veloppement r\u00e9gional dans les quatre wilayas du nord, \u00e0 savoir l\u2019Adrar, l\u2019Inchiri, le Tiris-Zemour et le Dakhlet Nouadhibou.<\/p>\n<p>L\u2019atelier, d&#8217;une journ\u00e9e, est organis\u00e9 par le minist\u00e8re de l\u2019habitat, de l&#8217;urbanisme et de l\u2019am\u00e9nagement du territoire au profit des wali mou\u00e7aids et des maires des quatre wilayas afin d&#8217;\u00e9changer leurs points de vue sur des sujets comprenant notamment le potentiel \u00e9conomique des wilayas du nord, la loi sur l\u2019am\u00e9nagement du territoire, le pr\u00e9sent et l\u2019avenir du d\u00e9veloppement r\u00e9gional.<\/p>\n<p>Le wali a, \u00e0 cette occasion, soulign\u00e9 que l\u2019am\u00e9nagement du territoire et l\u2019action r\u00e9gionale s\u2019inscrivent dans les priorit\u00e9s du programme du Pr\u00e9sident de la R\u00e9publique, Son Excellence Monsieur Mohamed Ould Abdel Aziz, que le gouvernement du Premier ministre M. Yahya Ould Hademine vise \u00e0 r\u00e9aliser gr\u00e2ce \u00e0 des projets et programmes de d\u00e9veloppement mis en \u0153uvre sur toute l\u2019\u00e9tendue du territoire national.<\/p>\n<p>Il a par la suite ajout\u00e9 que la politique de l\u2019am\u00e9nagement du territoire vise \u00e0 assurer une distribution \u00e9quitable et rationnelle entre les diff\u00e9rentes wilayas des activit\u00e9s \u00e9conomiques, des \u00e9quipements et des infrastructures mis en \u0153uvre par l&#8217;Etat.<\/p>\n<p>Le maire d\u2019Atar, M. Sid\u2019Ahmed Ould H\u2019Meimed a, pour sa part, rappel\u00e9 l\u2019importance de l\u2019am\u00e9nagement du territoire dans les wilayas du nord, qui poss\u00e8dent des \u00e9normes richesses \u00e0 exploiter et \u00e0 utiliser.<\/p>\n<p>Le directeur de l\u2019am\u00e9nagement du territoire et de l\u2019action r\u00e9gionale au minist\u00e8re de l\u2019habitat, de l\u2019urbanisme et de l\u2019am\u00e9nagement du territoire, M. Abdou Ould Abdellatif a, quant \u00e0 lui, expliqu\u00e9 que la Mauritanie avait fait d&#8217;importants progr\u00e8s dans le domaine du d\u00e9veloppement local et administratif gr\u00e2ce aux am\u00e9liorations administratives successives, y compris l&#8217;organisation administrative des wilayas et des moughataas et l&#8217;\u00e9tablissement de municipalit\u00e9s aux niveaux rural et urbain.<\/p>\n<p>La c\u00e9r\u00e9monie d\u2019ouverture de l\u2019atelier s\u2019est d\u00e9roul\u00e9e en pr\u00e9sence du directeur de cabinet du wali de l\u2019Adrar, de son conseiller charg\u00e9 des affaires politiques et sociales, du hakem d\u2019Atar et des autorit\u00e9s s\u00e9curitaires<\/p>\n","protected":false},"excerpt":{"rendered":"<p>Le wali de l\u2019Adrar, M. Cheikh Ould Abdallahi Ould Ewah a supervis\u00e9 jeudi \u00e0 Atar le d\u00e9marrage d\u2019un atelier sur la r\u00e9alit\u00e9 et les perspectives du d\u00e9veloppement r\u00e9gional dans les quatre wilayas du nord, \u00e0 savoir l\u2019Adrar, l\u2019Inchiri, le Tiris-Zemour et le Dakh<\/p>\n","protected":false},"author":1,"featured_media":0,"comment_status":"closed","ping_status":"closed","sticky":false,"template":"","format":"standard","meta":{"footnotes":""},"categories":[8672],"tags":[62486,62776],"class_list":["post-64269","post","type-post","status-publish","format-standard","hentry","category-8672","tag-atar","tag-nejah"],"_links":{"self":[{"href":"https:\/\/ami.mr\/fr\/wp-json\/wp\/v2\/posts\/64269","targetHints":{"allow":["GET"]}}],"collection":[{"href":"https:\/\/ami.mr\/fr\/wp-json\/wp\/v2\/posts"}],"about":[{"href":"https:\/\/ami.mr\/fr\/wp-json\/wp\/v2\/types\/post"}],"author":[{"embeddable":true,"href":"https:\/\/ami.mr\/fr\/wp-json\/wp\/v2\/users\/1"}],"replies":[{"embeddable":true,"href":"https:\/\/ami.mr\/fr\/wp-json\/wp\/v2\/comments?post=64269"}],"version-history":[{"count":1,"href":"https:\/\/ami.mr\/fr\/wp-json\/wp\/v2\/posts\/64269\/revisions"}],"predecessor-version":[{"id":159113,"href":"https:\/\/ami.mr\/fr\/wp-json\/wp\/v2\/posts\/64269\/revisions\/159113"}],"wp:attachment":[{"href":"https:\/\/ami.mr\/fr\/wp-json\/wp\/v2\/media?parent=64269"}],"wp:term":[{"taxonomy":"category","embeddable":true,"href":"https:\/\/ami.mr\/fr\/wp-json\/wp\/v2\/categories?post=64269"},{"taxonomy":"post_tag","embeddable":true,"href":"https:\/\/ami.mr\/fr\/wp-json\/wp\/v2\/tags?post=64269"}],"curies":[{"name":"wp","href":"https:\/\/api.w.org\/{rel}","templated":true}]}}