{"id":64268,"date":"2017-11-09T15:13:17","date_gmt":"2017-11-09T15:13:17","guid":{"rendered":"http:\/\/192.168.64.2\/fr\/index.php\/2017\/11\/09\/cloture-dun-atelier-sur-le-cadre-strategique-du-forum-des-femmes-du-sahel\/"},"modified":"2022-07-04T15:56:05","modified_gmt":"2022-07-04T15:56:05","slug":"cloture-dun-atelier-sur-le-cadre-strategique-du-forum-des-femmes-du-sahel","status":"publish","type":"post","link":"https:\/\/ami.mr\/fr\/archives\/64268","title":{"rendered":"Cl\u00f4ture d\u2019un atelier sur le cadre strat\u00e9gique du Forum des femmes du Sahel"},"content":{"rendered":"<p>L\u2019Hotel Wissal \u00e0 Nouakchott a abrit\u00e9 jeudi la c\u00e9r\u00e9monie de cl\u00f4ture d\u2019un atelier sur le cadre strat\u00e9gique du Forum des femmes du Sahel, organis\u00e9 par le G-5 Sahel.<\/p>\n<p>L\u2019atelier s\u2019inscrit dans le cadre des efforts du Groupe visant \u00e0 int\u00e9grer les femmes de ces pays dans le processus de mise en \u0153uvre des programmes politiques et ceux li\u00e9s au d\u00e9veloppement durable dans une atmosph\u00e8re de justice et d\u2019\u00e9galit\u00e9 tenant en compte la dimension genre.<\/p>\n<p>Le secr\u00e9taire g\u00e9n\u00e9ral du minist\u00e8re des affaires sociales, de l\u2019enfance et de la famille, M. Mohamed Mahmoud Ould Ahmed Ould Sidi Yahya a, \u00e0 cette occasion, indiqu\u00e9 que le G-5 Sahel, cr\u00e9\u00e9 \u00e0 l&#8217;initiative de Son Excellence le Pr\u00e9sident de la R\u00e9publique, Monsieur Mohamed Ould Abdel Aziz, constitue un outil r\u00e9gional efficace pour relever les d\u00e9fis de s\u00e9curit\u00e9 dans la r\u00e9gion du Sahel.<\/p>\n<p>Il a par la suite ajout\u00e9 que la grande confiance accord\u00e9e aux femmes des cinq pays du Sahel par les chefs d\u2019\u00e9tat de ces pays pour leur permettre de s\u2019acquitter de leur r\u00f4le s&#8217;est traduite par la cr\u00e9ation d&#8217;un organe r\u00e9gional aupr\u00e8s du secr\u00e9tariat permanent du G-5 Sahel charg\u00e9 de suivi des questions relatives aux femmes et la mise en \u0153uvre des conventions et engagements internationaux pertinents.<\/p>\n<p>Le secr\u00e9taire g\u00e9n\u00e9ral a soulign\u00e9 l\u2019importance du r\u00f4le que les femmes peuvent jouer dans le domaine de la paix et de la s\u00e9curit\u00e9 gr\u00e2ce \u00e0 leurs efforts pour assurer une \u00e9ducation sociale saine.<\/p>\n<p>Pour sa part, le repr\u00e9sentant permanent du G-5 Sahel dans notre pays a remerci\u00e9 la Mauritanie pour l&#8217;organisation de cet important atelier r\u00e9gional, avant de souligner que les femmes de ces pays jouent un r\u00f4le tr\u00e8s important, qui devrait \u00eatre renforc\u00e9 par les r\u00e9sultats de cet atelier au service des communaut\u00e9s des cinq pays membres du G-5 Sahel.<\/p>\n<p>Les participantes \u00e0 cet atelier ont formul\u00e9 plusieurs recommandations sur le cadre th\u00e8me de l&#8217;atelier et ont remis son statut au secr\u00e9taire g\u00e9n\u00e9ral du minist\u00e8re des affaires sociales, de l\u2019enfance et de la famille.<\/p>\n<p>La c\u00e9r\u00e9monie de cl\u00f4ture de cet atelier s\u2019est d\u00e9roul\u00e9e en pr\u00e9sence de la directrice de cabinet de la ministre d\u00e9l\u00e9gu\u00e9e aupr\u00e8s du ministre des affaires \u00e9trang\u00e8res et de la coop\u00e9ration charg\u00e9e des affaires maghr\u00e9bines, africaines et des mauritaniens de l\u2019\u00e9tranger, du hakem et du maire du Ksar, de la coordinatrice r\u00e9gionale du forum des femmes du Sahel et d\u2019autres personnalit\u00e9s.<\/p>\n","protected":false},"excerpt":{"rendered":"<p>L\u2019Hotel Wissal \u00e0 Nouakchott a abrit\u00e9 jeudi la c\u00e9r\u00e9monie de cl\u00f4ture d\u2019un atelier sur le cadre strat\u00e9gique du Forum des femmes du Sahel, organis\u00e9 par le G-5 Sahel.<\/p>\n<p>L\u2019atelier s\u2019ins<\/p>\n","protected":false},"author":1,"featured_media":0,"comment_status":"closed","ping_status":"closed","sticky":false,"template":"","format":"standard","meta":{"footnotes":""},"categories":[],"tags":[63990,62776,62476],"class_list":["post-64268","post","type-post","status-publish","format-standard","hentry","tag-activites-gouvernementales","tag-nejah","tag-nouakchott"],"_links":{"self":[{"href":"https:\/\/ami.mr\/fr\/wp-json\/wp\/v2\/posts\/64268","targetHints":{"allow":["GET"]}}],"collection":[{"href":"https:\/\/ami.mr\/fr\/wp-json\/wp\/v2\/posts"}],"about":[{"href":"https:\/\/ami.mr\/fr\/wp-json\/wp\/v2\/types\/post"}],"author":[{"embeddable":true,"href":"https:\/\/ami.mr\/fr\/wp-json\/wp\/v2\/users\/1"}],"replies":[{"embeddable":true,"href":"https:\/\/ami.mr\/fr\/wp-json\/wp\/v2\/comments?post=64268"}],"version-history":[{"count":1,"href":"https:\/\/ami.mr\/fr\/wp-json\/wp\/v2\/posts\/64268\/revisions"}],"predecessor-version":[{"id":159112,"href":"https:\/\/ami.mr\/fr\/wp-json\/wp\/v2\/posts\/64268\/revisions\/159112"}],"wp:attachment":[{"href":"https:\/\/ami.mr\/fr\/wp-json\/wp\/v2\/media?parent=64268"}],"wp:term":[{"taxonomy":"category","embeddable":true,"href":"https:\/\/ami.mr\/fr\/wp-json\/wp\/v2\/categories?post=64268"},{"taxonomy":"post_tag","embeddable":true,"href":"https:\/\/ami.mr\/fr\/wp-json\/wp\/v2\/tags?post=64268"}],"curies":[{"name":"wp","href":"https:\/\/api.w.org\/{rel}","templated":true}]}}