{"id":63927,"date":"2017-10-24T15:55:03","date_gmt":"2017-10-24T15:55:03","guid":{"rendered":"http:\/\/192.168.64.2\/fr\/index.php\/2017\/10\/24\/le-president-de-la-republique-recoit-lenvoye-personnel-du-secretaire-general-des-nations-unies-pour-le-sahara-occidental\/"},"modified":"2022-07-04T15:46:53","modified_gmt":"2022-07-04T15:46:53","slug":"le-president-de-la-republique-recoit-lenvoye-personnel-du-secretaire-general-des-nations-unies-pour-le-sahara-occidental","status":"publish","type":"post","link":"https:\/\/ami.mr\/fr\/archives\/63927","title":{"rendered":"Le Pr\u00e9sident de la R\u00e9publique re\u00e7oit l\u2019Envoy\u00e9 personnel du Secr\u00e9taire g\u00e9n\u00e9ral des Nations Unies pour le Sahara occidental"},"content":{"rendered":"<p>Le Pr\u00e9sident de la R\u00e9publique, Monsieur Mohamed Ould Abdel Aziz, a re\u00e7u en audience, mardi apr\u00e8s-midi au Palais de la Pr\u00e9sidentiel \u00e0 Nouakchott, M. Horst K\u00f6hler, l\u2019Envoy\u00e9 personnel du Secr\u00e9taire g\u00e9n\u00e9ral des Nations Unies pour le Sahara occidental en visite actuellement dans notre pays.<\/p>\n<p>L\u2019audience s\u2019est d\u00e9roul\u00e9e en pr\u00e9sence du ministre des Affaires \u00e9trang\u00e8res et de la Coop\u00e9ration, Dr Isselkou Ould Ahmed Izidbih, du Directeur de Cabinet du Pr\u00e9sident de la R\u00e9publique, M. Ahmed Ould Bahiya et du Conseiller politique de l\u2019Envoy\u00e9 onusien, M. David Schawk.<\/p>\n","protected":false},"excerpt":{"rendered":"<p>Le Pr\u00e9sident de la R\u00e9publique, Monsieur Mohamed Ould Abdel Aziz, a re\u00e7u en audience, mardi apr\u00e8s-midi au Palais de la Pr\u00e9sidentiel \u00e0 Nouakchott, M. Horst K\u00f6hler, l\u2019Envoy\u00e9 personnel du Secr\u00e9taire g\u00e9n\u00e9ral des Nations Unies pour le Sahara occidental en visit<\/p>\n","protected":false},"author":1,"featured_media":158772,"comment_status":"closed","ping_status":"closed","sticky":false,"template":"","format":"standard","meta":{"footnotes":""},"categories":[],"tags":[63991,62757,62476],"class_list":["post-63927","post","type-post","status-publish","format-standard","has-post-thumbnail","hentry","tag-activites-presidentielles","tag-nomma","tag-nouakchott"],"_links":{"self":[{"href":"https:\/\/ami.mr\/fr\/wp-json\/wp\/v2\/posts\/63927","targetHints":{"allow":["GET"]}}],"collection":[{"href":"https:\/\/ami.mr\/fr\/wp-json\/wp\/v2\/posts"}],"about":[{"href":"https:\/\/ami.mr\/fr\/wp-json\/wp\/v2\/types\/post"}],"author":[{"embeddable":true,"href":"https:\/\/ami.mr\/fr\/wp-json\/wp\/v2\/users\/1"}],"replies":[{"embeddable":true,"href":"https:\/\/ami.mr\/fr\/wp-json\/wp\/v2\/comments?post=63927"}],"version-history":[{"count":1,"href":"https:\/\/ami.mr\/fr\/wp-json\/wp\/v2\/posts\/63927\/revisions"}],"predecessor-version":[{"id":158771,"href":"https:\/\/ami.mr\/fr\/wp-json\/wp\/v2\/posts\/63927\/revisions\/158771"}],"wp:featuredmedia":[{"embeddable":true,"href":"https:\/\/ami.mr\/fr\/wp-json\/wp\/v2\/media\/158772"}],"wp:attachment":[{"href":"https:\/\/ami.mr\/fr\/wp-json\/wp\/v2\/media?parent=63927"}],"wp:term":[{"taxonomy":"category","embeddable":true,"href":"https:\/\/ami.mr\/fr\/wp-json\/wp\/v2\/categories?post=63927"},{"taxonomy":"post_tag","embeddable":true,"href":"https:\/\/ami.mr\/fr\/wp-json\/wp\/v2\/tags?post=63927"}],"curies":[{"name":"wp","href":"https:\/\/api.w.org\/{rel}","templated":true}]}}