{"id":63883,"date":"2017-10-20T21:39:46","date_gmt":"2017-10-20T21:39:46","guid":{"rendered":"http:\/\/192.168.64.2\/fr\/index.php\/2017\/10\/20\/reunion-avec-les-responsables-du-projet-praps-pour-discuter-du-budget\/"},"modified":"2022-07-04T15:45:51","modified_gmt":"2022-07-04T15:45:51","slug":"reunion-avec-les-responsables-du-projet-praps-pour-discuter-du-budget","status":"publish","type":"post","link":"https:\/\/ami.mr\/fr\/archives\/63883","title":{"rendered":"R\u00e9union avec les responsables du projet PRAPS pour discuter du budget"},"content":{"rendered":"<p>Le waly du Gorgol, M. Yahya Ould Cheikh Mohamed Vall a pr\u00e9sid\u00e9 vendredi dans les locaux de la wilaya une r\u00e9union avec les repr\u00e9sentants du projet r\u00e9gional d\u2019appui au pastoralisme au sahel (Praps) \u00e0 laquelle ont assist\u00e9 les d\u00e9l\u00e9gu\u00e9s r\u00e9gionaux de l\u2019agriculture, de l\u2019environnement, de l\u2019\u00e9levage et du Commissariat \u00e0 la S\u00e9curit\u00e9 Alimentaire.<\/p>\n<p>L\u2019objectif de la r\u00e9union \u00e9tait de d\u00e9battre autour de l\u2019\u00e9laboration du budget de ce projet (Praps) pour l\u2019ann\u00e9e 2018, budget destin\u00e9 au financement des infrastructures agropastorales dans la wilaya du Gorgol.<\/p>\n<p>Plusieurs propositions ont \u00e9t\u00e9 avanc\u00e9es dont la r\u00e9alisation de quatre parcs de vaccination pour animaux, la r\u00e9habilitation de trois forage pastoraux ; la cr\u00e9ation de deux march\u00e9s de b\u00e9tail ; l\u2019am\u00e9nagement de deux aires d\u2019abattage ; la r\u00e9habilitation de trois centres de transformation du lait et la cr\u00e9ation d\u2019un nouveau.<\/p>\n<p>Il convient de rappeler que 400 000 personnes b\u00e9n\u00e9ficient de ce projet qui intervient dans les wilaya des Hodhs Echarghi et Hodh El Gharbi ; de l\u2019Assaba ; du Gorgol ; du Brakna ; du Trarza ; du Guidimagha ; de l\u2019Adrar ; du Tagant et de l\u2019Inchiri, soit 36 Moughataa et 179 Communes.<\/p>\n","protected":false},"excerpt":{"rendered":"<p>Le waly du Gorgol, M. Yahya Ould Cheikh Mohamed Vall a pr\u00e9sid\u00e9 vendredi dans les locaux de la wilaya une r\u00e9union avec les repr\u00e9sentants du projet r\u00e9gional d\u2019appui au pastoralisme au sahel (Praps) \u00e0 laquelle ont assist\u00e9 les d\u00e9l\u00e9gu\u00e9s r\u00e9gionaux de l\u2019agricult<\/p>\n","protected":false},"author":1,"featured_media":0,"comment_status":"closed","ping_status":"closed","sticky":false,"template":"","format":"standard","meta":{"footnotes":""},"categories":[8672],"tags":[62494,62747],"class_list":["post-63883","post","type-post","status-publish","format-standard","hentry","category-8672","tag-kaedi","tag-s_bechire"],"_links":{"self":[{"href":"https:\/\/ami.mr\/fr\/wp-json\/wp\/v2\/posts\/63883","targetHints":{"allow":["GET"]}}],"collection":[{"href":"https:\/\/ami.mr\/fr\/wp-json\/wp\/v2\/posts"}],"about":[{"href":"https:\/\/ami.mr\/fr\/wp-json\/wp\/v2\/types\/post"}],"author":[{"embeddable":true,"href":"https:\/\/ami.mr\/fr\/wp-json\/wp\/v2\/users\/1"}],"replies":[{"embeddable":true,"href":"https:\/\/ami.mr\/fr\/wp-json\/wp\/v2\/comments?post=63883"}],"version-history":[{"count":1,"href":"https:\/\/ami.mr\/fr\/wp-json\/wp\/v2\/posts\/63883\/revisions"}],"predecessor-version":[{"id":158727,"href":"https:\/\/ami.mr\/fr\/wp-json\/wp\/v2\/posts\/63883\/revisions\/158727"}],"wp:attachment":[{"href":"https:\/\/ami.mr\/fr\/wp-json\/wp\/v2\/media?parent=63883"}],"wp:term":[{"taxonomy":"category","embeddable":true,"href":"https:\/\/ami.mr\/fr\/wp-json\/wp\/v2\/categories?post=63883"},{"taxonomy":"post_tag","embeddable":true,"href":"https:\/\/ami.mr\/fr\/wp-json\/wp\/v2\/tags?post=63883"}],"curies":[{"name":"wp","href":"https:\/\/api.w.org\/{rel}","templated":true}]}}