{"id":63881,"date":"2017-10-20T20:05:43","date_gmt":"2017-10-20T20:05:43","guid":{"rendered":"http:\/\/192.168.64.2\/fr\/index.php\/2017\/10\/20\/reception-a-lambassade-de-france-en-lhonneur-de-la-mission-de-lonu-pres-le-g5-sahel\/"},"modified":"2022-07-04T15:45:48","modified_gmt":"2022-07-04T15:45:48","slug":"reception-a-lambassade-de-france-en-lhonneur-de-la-mission-de-lonu-pres-le-g5-sahel","status":"publish","type":"post","link":"https:\/\/ami.mr\/fr\/archives\/63881","title":{"rendered":"R\u00e9ception \u00e0 l\u2019ambassade de France en l\u2019honneur de la mission de l\u2019ONU pr\u00e8s le G5 Sahel"},"content":{"rendered":"<p>L\u2019ambassadeur fran\u00e7ais, SEM Jo\u00ebl Meyer, a organis\u00e9 vendredi au si\u00e8ge de l\u2019ambassade de France \u00e0 Nouakchott, une r\u00e9ception en l\u2019honneur de la mission des Nations Unies pour les Etats du G5 Sahel, compos\u00e9e des ambassadeurs des 15 Etats membres du Conseil de s\u00e9curit\u00e9, mission qui effectue actuellement une visite dans notre pays, dans le cadre de sa tourn\u00e9e dans les pays membres de cet espace sous- r\u00e9gional.<\/p>\n<p>Le d\u00e9l\u00e9gu\u00e9 permanent de l\u2019Italie \u00e0 l\u2019ONU, SEM. Sebastiano Cardi, a pr\u00e9sent\u00e9 \u00e0 cette c\u00e9r\u00e9monie, le contexte dans lequel s\u2019inscrit cette tourn\u00e9e, destin\u00e9e \u00e0 identifier les d\u00e9fis pos\u00e9s aux Etats du G5 Sahel, mettant en exergue, la volont\u00e9 du Conseil de S\u00e9curit\u00e9 de prendre des d\u00e9cisions dans les prochaines semaines, visant \u00e0 soutenir et \u00e0 renforcer les efforts de cet espace dans la lutte antiterroriste et le trafic, sans porter pr\u00e9judice aux dimensions sociales du d\u00e9veloppement.<\/p>\n<p>Notons que la France pr\u00e9side la pr\u00e9sente session du Conseil de S\u00e9curit\u00e9.<\/p>\n","protected":false},"excerpt":{"rendered":"<p>L\u2019ambassadeur fran\u00e7ais, SEM Jo\u00ebl Meyer, a organis\u00e9 vendredi au si\u00e8ge de l\u2019ambassade de France \u00e0 Nouakchott, une r\u00e9ception en l\u2019honneur de la mission des Nations Unies pour les Etats du G5 Sahel, compos\u00e9e des ambassadeurs des 15 Etats membres du Conseil de<\/p>\n","protected":false},"author":1,"featured_media":158726,"comment_status":"closed","ping_status":"closed","sticky":false,"template":"","format":"standard","meta":{"footnotes":""},"categories":[],"tags":[62476,62747,63996],"class_list":["post-63881","post","type-post","status-publish","format-standard","has-post-thumbnail","hentry","tag-nouakchott","tag-s_bechire","tag-societe"],"_links":{"self":[{"href":"https:\/\/ami.mr\/fr\/wp-json\/wp\/v2\/posts\/63881","targetHints":{"allow":["GET"]}}],"collection":[{"href":"https:\/\/ami.mr\/fr\/wp-json\/wp\/v2\/posts"}],"about":[{"href":"https:\/\/ami.mr\/fr\/wp-json\/wp\/v2\/types\/post"}],"author":[{"embeddable":true,"href":"https:\/\/ami.mr\/fr\/wp-json\/wp\/v2\/users\/1"}],"replies":[{"embeddable":true,"href":"https:\/\/ami.mr\/fr\/wp-json\/wp\/v2\/comments?post=63881"}],"version-history":[{"count":1,"href":"https:\/\/ami.mr\/fr\/wp-json\/wp\/v2\/posts\/63881\/revisions"}],"predecessor-version":[{"id":158725,"href":"https:\/\/ami.mr\/fr\/wp-json\/wp\/v2\/posts\/63881\/revisions\/158725"}],"wp:featuredmedia":[{"embeddable":true,"href":"https:\/\/ami.mr\/fr\/wp-json\/wp\/v2\/media\/158726"}],"wp:attachment":[{"href":"https:\/\/ami.mr\/fr\/wp-json\/wp\/v2\/media?parent=63881"}],"wp:term":[{"taxonomy":"category","embeddable":true,"href":"https:\/\/ami.mr\/fr\/wp-json\/wp\/v2\/categories?post=63881"},{"taxonomy":"post_tag","embeddable":true,"href":"https:\/\/ami.mr\/fr\/wp-json\/wp\/v2\/tags?post=63881"}],"curies":[{"name":"wp","href":"https:\/\/api.w.org\/{rel}","templated":true}]}}