{"id":63873,"date":"2017-10-20T12:19:15","date_gmt":"2017-10-20T12:19:15","guid":{"rendered":"http:\/\/192.168.64.2\/fr\/index.php\/2017\/10\/20\/le-president-de-la-republique-recoit-des-ambassadeurs-des-pays-membres-du-conseil-de-securite\/"},"modified":"2022-07-04T15:45:37","modified_gmt":"2022-07-04T15:45:37","slug":"le-president-de-la-republique-recoit-des-ambassadeurs-des-pays-membres-du-conseil-de-securite","status":"publish","type":"post","link":"https:\/\/ami.mr\/fr\/archives\/63873","title":{"rendered":"Le Pr\u00e9sident de la R\u00e9publique re\u00e7oit des ambassadeurs des pays membres du conseil de s\u00e9curit\u00e9"},"content":{"rendered":"<p>Le Pr\u00e9sident de la R\u00e9publique, Monsieur Mohamed Ould Abdel Aziz, a re\u00e7u, en audience, vendredi au palais pr\u00e9sidentiel \u00e0 Nouakchott, une mission de l\u2019organisation des Nations Unies comprenant les ambassadeurs des 15 pays membres du conseil de s\u00e9curit\u00e9, actuellement en visite en Mauritanie.<\/p>\n<p>A l\u2019issue de cette audience l\u2019ambassadeur d\u2019Italie aupr\u00e8s des nations unies SEM. Sebastiano Cardi, a indiqu\u00e9 que l\u2019entretien avec le Pr\u00e9sident de la R\u00e9publique \u00e9tait tr\u00e8s franche, tr\u00e8s int\u00e9ressante et utile pour tous le conseil de s\u00e9curit\u00e9 qui a pu entendre des propres paroles du Pr\u00e9sident de la R\u00e9publique et de ses ministres, qui \u00e9taient naturellement pr\u00e9sents \u00e0 la r\u00e9union, l\u2019importance des d\u00e9fis auxquels la Mauritanie et les pays du G-5 Sahel sont confront\u00e9s.<\/p>\n<p>SEM. Sebastiano Cardi a dans ce sens pr\u00e9cis\u00e9 que ces d\u00e9fis sont des d\u00e9fis pour toute la communaut\u00e9 internationale, c\u2019est pourquoi le conseil de s\u00e9curit\u00e9 se penchera dans les prochaines semaines et mois sur l\u2019examen de la fa\u00e7on dont les nations unies et le conseil de s\u00e9curit\u00e9 pourront appuyer les efforts des pays du G-5 Sahel dans leur lutte contre le fl\u00e9au terroriste, en particulier, et contre les trafics de tout genre, qui sont li\u00e9s aux r\u00e9seaux terroristes.<\/p>\n<p>Il a enfin soulign\u00e9 qu\u2019ils ont entendu le point de vue int\u00e9ressant du Pr\u00e9sident de la R\u00e9publique sur les causes et ce qu\u2019il faut faire dans le futur proche, indiquant qu\u2019il pense que pour tous les membres du conseil c\u2019\u00e9tait un moment d\u2019int\u00e9r\u00eat et qu\u2019ils rapporteront \u00e0 New York des \u00e9l\u00e9ments tr\u00e8s utiles pour la discussion.<\/p>\n<p>L\u2019ambassadeur de France, SEM. Fran\u00e7ois Delattre a, quant \u00e0 lui, abond\u00e9 dans le m\u00eame sens que son coll\u00e8gue italien, indiquant qu\u2019ils ont eu un entretien important avec le Pr\u00e9sident de la R\u00e9publique dans lequel il a d\u2019abord marqu\u00e9 avec beaucoup de force l\u2019engagement r\u00e9solu et exemplaire de la Mauritanie dans le combat non seulement contre le terrorisme mais contre l\u2019ensemble des trafics qui le nourrissent.<\/p>\n<p>Il a par la suite ajout\u00e9 que le Pr\u00e9sident de la R\u00e9publique a \u00e9galement, sans ambigu\u00eft\u00e9, soulign\u00e9 la n\u00e9cessit\u00e9 d\u2019un soutien r\u00e9solu de la communaut\u00e9 internationale \u00e0 travers, en particulier, l\u2019action du conseil de s\u00e9curit\u00e9, avant d\u2019indiquer que le message \u00e9tait claire et qu\u2019ils sont tous reconnaissants au Pr\u00e9sident mauritanien pour la clart\u00e9 de son message et pour la clart\u00e9 de son appel \u00e0 une mobilisation rapide avec tous les moyens appropri\u00e9s contre le terrorisme \u00e0 travers la force du G-5 Sahel.<\/p>\n<p>L\u2019audience s\u2019est d\u00e9roul\u00e9e en pr\u00e9sence des ministres des affaires \u00e9trang\u00e8res et de la coop\u00e9ration, de la d\u00e9fense nationale et de l\u2019\u00e9conomie et des finances ainsi que du directeur de cabinet du Pr\u00e9sident de la R\u00e9publique, du Chef d&#8217;\u00e9tat-major g\u00e9n\u00e9ral adjoint des arm\u00e9es, du Chef d\u2019\u00e9tat-major particulier du Pr\u00e9sident de la R\u00e9publique, de l\u2019ambassadeur, repr\u00e9sentant permanent de la Mauritanie aupr\u00e8s des Nations-Unies et du coordinateur du syst\u00e8me des Nations Unies \u00e0 Nouakchott.<\/p>\n<p>L\u2019ambassadeur d\u2019Ethiopie, SEM. Tekeda Alemou a, pour sa part, soulign\u00e9 qu\u2019ils ont eu un \u00e9change de vues tr\u00e8s utile avec Son Excellence le Pr\u00e9sident de la R\u00e9publique, ajoutant que l&#8217;analyse qu\u2019ils ont re\u00e7ue du Pr\u00e9sident leur a montr\u00e9 la complexit\u00e9 du d\u00e9fi auquel la r\u00e9gion est confront\u00e9e et le s\u00e9rieux avec lequel la r\u00e9gion tente de relever ce d\u00e9fi.<\/p>\n<p>Il a par la suite indiqu\u00e9 qu\u2019ils sont convaincus, apr\u00e8s cette audience avec le Pr\u00e9sident, que la communaut\u00e9 internationale a vraiment la responsabilit\u00e9 de faire tout ce qui est n\u00e9cessaire non seulement dans la lutte contre le terrorisme, mais aussi dans le domaine du d\u00e9veloppement.<\/p>\n<p>Il a enfin expliqu\u00e9 que la situation est tr\u00e8s complexe et que les d\u00e9fis sont tr\u00e8s redoutables, indiquant que ce qui se passe ici dans cette r\u00e9gion est destin\u00e9 \u00e0 affecter le reste du monde et que par cons\u00e9quent, ils sont tous convaincus que la communaut\u00e9 internationale a la responsabilit\u00e9 de faire tout ce qui est n\u00e9cessaire pour aider la r\u00e9gion \u00e0 g\u00e9rer les probl\u00e8mes tr\u00e8s complexes auxquels elle est confront\u00e9e .<\/p>\n","protected":false},"excerpt":{"rendered":"<p>Le Pr\u00e9sident de la R\u00e9publique, Monsieur Mohamed Ould Abdel Aziz, a re\u00e7u, en audience, vendredi au palais pr\u00e9sidentiel \u00e0 Nouakchott, une mission de l\u2019organisation des Nations Unies comprenant les ambassadeurs des 15 pays membres du conseil de s\u00e9curit\u00e9, act<\/p>\n","protected":false},"author":1,"featured_media":158718,"comment_status":"closed","ping_status":"closed","sticky":false,"template":"","format":"standard","meta":{"footnotes":""},"categories":[],"tags":[63991,62757,62476,62747],"class_list":["post-63873","post","type-post","status-publish","format-standard","has-post-thumbnail","hentry","tag-activites-presidentielles","tag-nomma","tag-nouakchott","tag-s_bechire"],"_links":{"self":[{"href":"https:\/\/ami.mr\/fr\/wp-json\/wp\/v2\/posts\/63873","targetHints":{"allow":["GET"]}}],"collection":[{"href":"https:\/\/ami.mr\/fr\/wp-json\/wp\/v2\/posts"}],"about":[{"href":"https:\/\/ami.mr\/fr\/wp-json\/wp\/v2\/types\/post"}],"author":[{"embeddable":true,"href":"https:\/\/ami.mr\/fr\/wp-json\/wp\/v2\/users\/1"}],"replies":[{"embeddable":true,"href":"https:\/\/ami.mr\/fr\/wp-json\/wp\/v2\/comments?post=63873"}],"version-history":[{"count":1,"href":"https:\/\/ami.mr\/fr\/wp-json\/wp\/v2\/posts\/63873\/revisions"}],"predecessor-version":[{"id":158717,"href":"https:\/\/ami.mr\/fr\/wp-json\/wp\/v2\/posts\/63873\/revisions\/158717"}],"wp:featuredmedia":[{"embeddable":true,"href":"https:\/\/ami.mr\/fr\/wp-json\/wp\/v2\/media\/158718"}],"wp:attachment":[{"href":"https:\/\/ami.mr\/fr\/wp-json\/wp\/v2\/media?parent=63873"}],"wp:term":[{"taxonomy":"category","embeddable":true,"href":"https:\/\/ami.mr\/fr\/wp-json\/wp\/v2\/categories?post=63873"},{"taxonomy":"post_tag","embeddable":true,"href":"https:\/\/ami.mr\/fr\/wp-json\/wp\/v2\/tags?post=63873"}],"curies":[{"name":"wp","href":"https:\/\/api.w.org\/{rel}","templated":true}]}}