{"id":63695,"date":"2017-10-11T18:36:36","date_gmt":"2017-10-11T18:36:36","guid":{"rendered":"http:\/\/192.168.64.2\/fr\/index.php\/2017\/10\/11\/le-wali-du-trarza-exhorte-les-agriculteurs-a-faire-reussir-la-campagne-hivernale\/"},"modified":"2022-07-04T15:41:00","modified_gmt":"2022-07-04T15:41:00","slug":"le-wali-du-trarza-exhorte-les-agriculteurs-a-faire-reussir-la-campagne-hivernale","status":"publish","type":"post","link":"https:\/\/ami.mr\/fr\/archives\/63695","title":{"rendered":"Le wali du Trarza exhorte les agriculteurs \u00e0 faire r\u00e9ussir la campagne hivernale"},"content":{"rendered":"<p>Le wali du Trarza, M. Saydou Alassane Sall, a pr\u00e9sid\u00e9 mercredi au village de Jekina relevant de l\u2019arrondissement de Jidr El Mohghen une r\u00e9union de la commission r\u00e9gionale charg\u00e9e du suivi de la campagne agricole d\u2019hivernage 2017 \u2013 2018 en pr\u00e9sence des agriculteurs de la zone.<\/p>\n<p>Le wali a soulign\u00e9 au cours de cette rencontre que celle-ci intervient en application des instructions du Pr\u00e9sident de la R\u00e9publique, Monsieur Mohamed Ould Abdel Aziz visant \u00e0 rapprocher l\u2019administration des citoyens et \u00e0 la mettre au service du d\u00e9veloppement.<\/p>\n<p>Il a demand\u00e9 aux agriculteurs de multiplier les efforts afin de parvenir \u00e0 d\u2019excellents r\u00e9sultats en mati\u00e8re de r\u00e9colte.<\/p>\n<p>M. Saydou Alassane Sall a ajout\u00e9 qu\u2019il s\u2019est inform\u00e9 sur la situation des canalisations drainant les eaux et sur les efforts de curage et de nettoyage des herbes sauvages pour permettre leur ruissellement de mani\u00e8re normale vers les p\u00e9rim\u00e8tres tout comme il s\u2019est enquis de la situation des ponts et voies de passage \u00e0 l\u2019int\u00e9rieur des zones de production afin d\u2019\u0153uvrer \u00e0 r\u00e9habiliter les ouvrages qui en ont besoin dans le cadre du programme de d\u00e9senclavement des zones de production.<\/p>\n<p>A son tour, M. Khattri Ould Atigh, d\u00e9l\u00e9gu\u00e9 r\u00e9gional du minist\u00e8re de l\u2019agriculture dans la wilaya a r\u00e9affirm\u00e9 que les superficies consacr\u00e9es aux cultures dans cette campagne d\u00e9passent les 26 mille hectares, ce qui est un chiffre record qui requiert davantage d\u2019action et de redoubler d\u2019efforts.<\/p>\n<p>La d\u00e9l\u00e9gation r\u00e9gionale s\u2019attellera en coop\u00e9ration avec les agriculteurs \u00e0 nettoyer les canaux de drainage des eaux, \u00e0 lutter contre les oiseaux granivores et \u00e0 distribuer les intrants agricoles de mani\u00e8re transparente.<\/p>\n<p>Les agriculteurs ont appr\u00e9ci\u00e9 cette visite estimant qu\u2019elle d\u00e9note encore une fois de l\u2019int\u00e9r\u00eat que les pouvoirs publics accordent au secteur agricole et \u00e0 son appui pour promouvoir l\u2019agriculture et partant, relever le niveau de vie des populations en particulier dans les zones de production.<\/p>\n<p>La r\u00e9union s\u2019est d\u00e9roul\u00e9e en pr\u00e9sence de M. Abdel Kader Ould Tayeb, hakem de la moughataa de Rosso ainsi que des autorit\u00e9s s\u00e9curitaires de la wilaya.<\/p>\n","protected":false},"excerpt":{"rendered":"<p>Le wali du Trarza, M. Saydou Alassane Sall, a pr\u00e9sid\u00e9 mercredi au village de Jekina relevant de l\u2019arrondissement de Jidr El Mohghen une r\u00e9union de la commission r\u00e9gionale charg\u00e9e du suivi de la campagne agricole d\u2019hivernage 2017 \u2013 2018 en pr\u00e9sence des agr<\/p>\n","protected":false},"author":1,"featured_media":0,"comment_status":"closed","ping_status":"closed","sticky":false,"template":"","format":"standard","meta":{"footnotes":""},"categories":[8672],"tags":[62477,62747],"class_list":["post-63695","post","type-post","status-publish","format-standard","hentry","category-8672","tag-rosso","tag-s_bechire"],"_links":{"self":[{"href":"https:\/\/ami.mr\/fr\/wp-json\/wp\/v2\/posts\/63695","targetHints":{"allow":["GET"]}}],"collection":[{"href":"https:\/\/ami.mr\/fr\/wp-json\/wp\/v2\/posts"}],"about":[{"href":"https:\/\/ami.mr\/fr\/wp-json\/wp\/v2\/types\/post"}],"author":[{"embeddable":true,"href":"https:\/\/ami.mr\/fr\/wp-json\/wp\/v2\/users\/1"}],"replies":[{"embeddable":true,"href":"https:\/\/ami.mr\/fr\/wp-json\/wp\/v2\/comments?post=63695"}],"version-history":[{"count":1,"href":"https:\/\/ami.mr\/fr\/wp-json\/wp\/v2\/posts\/63695\/revisions"}],"predecessor-version":[{"id":158539,"href":"https:\/\/ami.mr\/fr\/wp-json\/wp\/v2\/posts\/63695\/revisions\/158539"}],"wp:attachment":[{"href":"https:\/\/ami.mr\/fr\/wp-json\/wp\/v2\/media?parent=63695"}],"wp:term":[{"taxonomy":"category","embeddable":true,"href":"https:\/\/ami.mr\/fr\/wp-json\/wp\/v2\/categories?post=63695"},{"taxonomy":"post_tag","embeddable":true,"href":"https:\/\/ami.mr\/fr\/wp-json\/wp\/v2\/tags?post=63695"}],"curies":[{"name":"wp","href":"https:\/\/api.w.org\/{rel}","templated":true}]}}